{"id":5935,"date":"2023-04-20T12:07:23","date_gmt":"2023-04-20T10:07:23","guid":{"rendered":"https:\/\/agora.xtec.cat\/ceip-santacreu-anglesola\/?p=5935"},"modified":"2023-09-05T10:39:14","modified_gmt":"2023-09-05T08:39:14","slug":"els-alumnes-de-cicle-mitja-visitem-el-parc-de-transit","status":"publish","type":"post","link":"https:\/\/agora.xtec.cat\/ceip-santacreu-anglesola\/general\/els-alumnes-de-cicle-mitja-visitem-el-parc-de-transit\/","title":{"rendered":"ELS ALUMNES DE CICLE MITJ\u00c0 VISITEM EL PARC DE TR\u00c0NSIT"},"content":{"rendered":"<p>El dimecres 19 d\u2019abril, els alumnes de cicle mitj\u00e0 vam visitar el parc de tr\u00e0nsit de T\u00e0rrega.<\/p>\n<p>Vam comptar amb l\u2019ajuda de dos monitors per poder realitzar diferents activitats sobre seguretat vi\u00e0ria. Vam interactuar amb diversos aspectes de la circulaci\u00f3 i vam aprendre a interpretar algunes senyals m\u00e9s importants i respectar les normes de tr\u00e0nsit per a vianants i conductors.<\/p>\n<p>Vam rec\u00f3rrer un circuit amb diferents senyals, amb bicicleta, per poder practicar la nostra habilitat i simular la circulaci\u00f3 pel poble o ciutat.<\/p>\n<p>Ens ho vam passar molt b\u00e9 i vam aprendre molt!<\/p>\n<p>Cliqueu damunt de la imatge per veure les fotos:<\/p>\n<p><img loading=\"lazy\" decoding=\"async\" class=\"aligncenter wp-image-5936 size-medium\" src=\"https:\/\/agora.xtec.cat\/ceip-santacreu-anglesola\/wp-content\/uploads\/usu483\/2023\/04\/IMG_20230419_100901-copia-2-300x198.jpg\" alt=\"\" width=\"300\" height=\"198\" srcset=\"https:\/\/agora.xtec.cat\/ceip-santacreu-anglesola\/wp-content\/uploads\/usu483\/2023\/04\/IMG_20230419_100901-copia-2-300x198.jpg 300w, https:\/\/agora.xtec.cat\/ceip-santacreu-anglesola\/wp-content\/uploads\/usu483\/2023\/04\/IMG_20230419_100901-copia-2-1024x675.jpg 1024w, https:\/\/agora.xtec.cat\/ceip-santacreu-anglesola\/wp-content\/uploads\/usu483\/2023\/04\/IMG_20230419_100901-copia-2-768x506.jpg 768w, https:\/\/agora.xtec.cat\/ceip-santacreu-anglesola\/wp-content\/uploads\/usu483\/2023\/04\/IMG_20230419_100901-copia-2-1536x1013.jpg 1536w, https:\/\/agora.xtec.cat\/ceip-santacreu-anglesola\/wp-content\/uploads\/usu483\/2023\/04\/IMG_20230419_100901-copia-2-2048x1350.jpg 2048w\" sizes=\"auto, (max-width: 300px) 100vw, 300px\" \/><\/p>\n","protected":false},"excerpt":{"rendered":"<p>El dimecres 19 d\u2019abril, els alumnes de cicle mitj\u00e0 vam visitar el parc de tr\u00e0nsit de T\u00e0rrega.<br \/>\nVam comptar amb l\u2019ajuda de dos monitors per poder realitzar diferents activitats sobre seguretat vi\u00e0ria. Vam interactuar amb diversos aspectes de la circulaci\u00f3 i vam aprendre a interpretar algunes&hellip;  <a href=\"https:\/\/agora.xtec.cat\/ceip-santacreu-anglesola\/general\/els-alumnes-de-cicle-mitja-visitem-el-parc-de-transit\/\" title=\"Read ELS ALUMNES DE CICLE MITJ\u00c0 VISITEM EL PARC DE TR\u00c0NSIT\">Llegeix m\u00e9s\u00bb<\/a><\/p>\n","protected":false},"author":16,"featured_media":0,"comment_status":"open","ping_status":"closed","sticky":false,"template":"","format":"standard","meta":{"_bbp_topic_count":0,"_bbp_reply_count":0,"_bbp_total_topic_count":0,"_bbp_total_reply_count":0,"_bbp_voice_count":0,"_bbp_anonymous_reply_count":0,"_bbp_topic_count_hidden":0,"_bbp_reply_count_hidden":0,"_bbp_forum_subforum_count":0,"footnotes":""},"categories":[1,4,5],"tags":[],"class_list":["post-5935","post","type-post","status-publish","format-standard","hentry","category-general","category-portada","category-primaria"],"post_mailing_queue_ids":[],"_links":{"self":[{"href":"https:\/\/agora.xtec.cat\/ceip-santacreu-anglesola\/wp-json\/wp\/v2\/posts\/5935","targetHints":{"allow":["GET"]}}],"collection":[{"href":"https:\/\/agora.xtec.cat\/ceip-santacreu-anglesola\/wp-json\/wp\/v2\/posts"}],"about":[{"href":"https:\/\/agora.xtec.cat\/ceip-santacreu-anglesola\/wp-json\/wp\/v2\/types\/post"}],"author":[{"embeddable":true,"href":"https:\/\/agora.xtec.cat\/ceip-santacreu-anglesola\/wp-json\/wp\/v2\/users\/16"}],"replies":[{"embeddable":true,"href":"https:\/\/agora.xtec.cat\/ceip-santacreu-anglesola\/wp-json\/wp\/v2\/comments?post=5935"}],"version-history":[{"count":3,"href":"https:\/\/agora.xtec.cat\/ceip-santacreu-anglesola\/wp-json\/wp\/v2\/posts\/5935\/revisions"}],"predecessor-version":[{"id":6192,"href":"https:\/\/agora.xtec.cat\/ceip-santacreu-anglesola\/wp-json\/wp\/v2\/posts\/5935\/revisions\/6192"}],"wp:attachment":[{"href":"https:\/\/agora.xtec.cat\/ceip-santacreu-anglesola\/wp-json\/wp\/v2\/media?parent=5935"}],"wp:term":[{"taxonomy":"category","embeddable":true,"href":"https:\/\/agora.xtec.cat\/ceip-santacreu-anglesola\/wp-json\/wp\/v2\/categories?post=5935"},{"taxonomy":"post_tag","embeddable":true,"href":"https:\/\/agora.xtec.cat\/ceip-santacreu-anglesola\/wp-json\/wp\/v2\/tags?post=5935"}],"curies":[{"name":"wp","href":"https:\/\/api.w.org\/{rel}","templated":true}]}}