{"id":5914,"date":"2023-04-18T16:40:34","date_gmt":"2023-04-18T14:40:34","guid":{"rendered":"https:\/\/agora.xtec.cat\/ceip-santacreu-anglesola\/?p=5914"},"modified":"2023-09-05T10:40:13","modified_gmt":"2023-09-05T08:40:13","slug":"visita-de-lautor-joan-de-deu-prats-a-cicle-inicial-2","status":"publish","type":"post","link":"https:\/\/agora.xtec.cat\/ceip-santacreu-anglesola\/general\/visita-de-lautor-joan-de-deu-prats-a-cicle-inicial-2\/","title":{"rendered":"Visita de l&#8217;autor Joan de D\u00e9u Prats a Cicle Inicial"},"content":{"rendered":"<p>El passat divendres 14 d\u2019abril vam tenir l\u2019oportunitat de con\u00e8ixer en persona l&#8217;autor Joan de D\u00e9u Prats, autor del llibre Fricand\u00f3 que havien llegit recentment els alumnes de Cicle Inicial. Aquesta visita va ser molt interessant i enriquidora pels alumnes, ja que van poder con\u00e8ixer m\u00e9s sobre l\u2019autor i les seves obres.<\/p>\n<p>Un dels moments m\u00e9s emocionants va ser quan l\u2019autor va signar el llibre Fricand\u00f3 que els alumnes havien llegit, regalant-los-hi tamb\u00e9 dos dels altres llibres seus.<\/p>\n<p>Aix\u00ed doncs, aquesta visita va ser una gran oportunitat per connectar amb la literatura infantil, aprendre m\u00e9s sobre el treball de l\u2019autor i motivar-los a continuar llegint i descobrint noves obres liter\u00e0ries.<\/p>\n<p><img loading=\"lazy\" decoding=\"async\" class=\"alignnone wp-image-5915 size-medium\" src=\"https:\/\/agora.xtec.cat\/ceip-santacreu-anglesola\/wp-content\/uploads\/usu483\/2023\/04\/Fricando-195x300.jpg\" alt=\"\" width=\"195\" height=\"300\" srcset=\"https:\/\/agora.xtec.cat\/ceip-santacreu-anglesola\/wp-content\/uploads\/usu483\/2023\/04\/Fricando-195x300.jpg 195w, https:\/\/agora.xtec.cat\/ceip-santacreu-anglesola\/wp-content\/uploads\/usu483\/2023\/04\/Fricando.jpg 417w\" sizes=\"auto, (max-width: 195px) 100vw, 195px\" \/><\/p>\n","protected":false},"excerpt":{"rendered":"<p>El passat divendres 14 d\u2019abril vam tenir l\u2019oportunitat de con\u00e8ixer en persona l&#8217;autor Joan de D\u00e9u Prats, autor del llibre Fricand\u00f3 que havien llegit recentment els alumnes de Cicle Inicial. Aquesta visita va ser molt interessant i enriquidora pels alumnes, ja que van poder con\u00e8ixer&hellip;  <a href=\"https:\/\/agora.xtec.cat\/ceip-santacreu-anglesola\/general\/visita-de-lautor-joan-de-deu-prats-a-cicle-inicial-2\/\" title=\"Read Visita de l&#8217;autor Joan de D\u00e9u Prats a Cicle Inicial\">Llegeix m\u00e9s\u00bb<\/a><\/p>\n","protected":false},"author":1,"featured_media":0,"comment_status":"open","ping_status":"closed","sticky":false,"template":"","format":"standard","meta":{"_bbp_topic_count":0,"_bbp_reply_count":0,"_bbp_total_topic_count":0,"_bbp_total_reply_count":0,"_bbp_voice_count":0,"_bbp_anonymous_reply_count":0,"_bbp_topic_count_hidden":0,"_bbp_reply_count_hidden":0,"_bbp_forum_subforum_count":0,"footnotes":""},"categories":[1,4],"tags":[],"class_list":["post-5914","post","type-post","status-publish","format-standard","hentry","category-general","category-portada"],"post_mailing_queue_ids":[],"_links":{"self":[{"href":"https:\/\/agora.xtec.cat\/ceip-santacreu-anglesola\/wp-json\/wp\/v2\/posts\/5914","targetHints":{"allow":["GET"]}}],"collection":[{"href":"https:\/\/agora.xtec.cat\/ceip-santacreu-anglesola\/wp-json\/wp\/v2\/posts"}],"about":[{"href":"https:\/\/agora.xtec.cat\/ceip-santacreu-anglesola\/wp-json\/wp\/v2\/types\/post"}],"author":[{"embeddable":true,"href":"https:\/\/agora.xtec.cat\/ceip-santacreu-anglesola\/wp-json\/wp\/v2\/users\/1"}],"replies":[{"embeddable":true,"href":"https:\/\/agora.xtec.cat\/ceip-santacreu-anglesola\/wp-json\/wp\/v2\/comments?post=5914"}],"version-history":[{"count":3,"href":"https:\/\/agora.xtec.cat\/ceip-santacreu-anglesola\/wp-json\/wp\/v2\/posts\/5914\/revisions"}],"predecessor-version":[{"id":6194,"href":"https:\/\/agora.xtec.cat\/ceip-santacreu-anglesola\/wp-json\/wp\/v2\/posts\/5914\/revisions\/6194"}],"wp:attachment":[{"href":"https:\/\/agora.xtec.cat\/ceip-santacreu-anglesola\/wp-json\/wp\/v2\/media?parent=5914"}],"wp:term":[{"taxonomy":"category","embeddable":true,"href":"https:\/\/agora.xtec.cat\/ceip-santacreu-anglesola\/wp-json\/wp\/v2\/categories?post=5914"},{"taxonomy":"post_tag","embeddable":true,"href":"https:\/\/agora.xtec.cat\/ceip-santacreu-anglesola\/wp-json\/wp\/v2\/tags?post=5914"}],"curies":[{"name":"wp","href":"https:\/\/api.w.org\/{rel}","templated":true}]}}