{"id":5873,"date":"2023-04-01T16:56:43","date_gmt":"2023-04-01T14:56:43","guid":{"rendered":"https:\/\/agora.xtec.cat\/ceip-santacreu-anglesola\/?p=5873"},"modified":"2023-09-05T10:40:32","modified_gmt":"2023-09-05T08:40:32","slug":"sortida-a-verdu-cicle-inicial-i-mitja","status":"publish","type":"post","link":"https:\/\/agora.xtec.cat\/ceip-santacreu-anglesola\/general\/sortida-a-verdu-cicle-inicial-i-mitja\/","title":{"rendered":"SORTIDA A VERD\u00da: CICLE INICIAL I  MITJ\u00c0"},"content":{"rendered":"<p>Els dimecres dia 29 de mar\u00e7, els alumnes de cicle inicial i mitj\u00e0 vam anar d\u2019excursi\u00f3 a Verd\u00fa. Aprofitant que durant el primer trimestre hem treballat les antigues civilitzacions, hem acabat de consolidar els coneixements sobre els poblats ib\u00e8rics i la civilitzaci\u00f3 maia.<\/p>\n<p>Els alumnes de cicle inicial vam anar a visitar el jaciment del poblat\u00a0 ib\u00e8ric dels Estinclells, on van viure els ilergets i vam poder veure r\u00e8pliques de materials i eines que utilitzaven en la seva vida quotidiana. Vam realitzar un taller d&#8217;escriptura \u00edbera, un de teixir roba i vam fer tubots.<\/p>\n<p>Mentrestant els alumnes del cicle mitj\u00e0 vam poder gaudir de l\u2019entorn natural del poble de Verd\u00fa amb una visita hist\u00f2rica-medieval de la muralla i el castell de Verd\u00fa.\u00a0Tamb\u00e9 vam realitzar un taller de cer\u00e0mica, on l\u2019Enric Orobitg mestre ceramista i la seva parella, la Francina, ens van explicar i ensenyar el seu ofici i vam gaudir d&#8217;un taller de fang on vam realitzar unes m\u00e0scares maies.<\/p>\n<p>Per acabar ens vam trobar tots a la font de Sta. Magdalena on vam dinar i vam poder gaudir d\u2019una bona tarda de joc. Vam passar un dia genial!<\/p>\n<p>Cliqueu damunt de la imatge per veure les fotos:<\/p>\n<p><img loading=\"lazy\" decoding=\"async\" class=\"alignnone wp-image-5874\" src=\"https:\/\/agora.xtec.cat\/ceip-santacreu-anglesola\/wp-content\/uploads\/usu483\/2023\/03\/Captura-de-pantalla-2023-03-29-233041-300x151.jpg\" alt=\"\" width=\"340\" height=\"171\" srcset=\"https:\/\/agora.xtec.cat\/ceip-santacreu-anglesola\/wp-content\/uploads\/usu483\/2023\/03\/Captura-de-pantalla-2023-03-29-233041-300x151.jpg 300w, https:\/\/agora.xtec.cat\/ceip-santacreu-anglesola\/wp-content\/uploads\/usu483\/2023\/03\/Captura-de-pantalla-2023-03-29-233041.jpg 743w\" sizes=\"auto, (max-width: 340px) 100vw, 340px\" \/><\/p>\n","protected":false},"excerpt":{"rendered":"<p>Els dimecres dia 29 de mar\u00e7, els alumnes de cicle inicial i mitj\u00e0 vam anar d\u2019excursi\u00f3 a Verd\u00fa. Aprofitant que durant el primer trimestre hem treballat les antigues civilitzacions, hem acabat de consolidar els coneixements sobre els poblats ib\u00e8rics i la civilitzaci\u00f3 maia.<br \/>\nEls alumnes de&hellip;  <a href=\"https:\/\/agora.xtec.cat\/ceip-santacreu-anglesola\/general\/sortida-a-verdu-cicle-inicial-i-mitja\/\" title=\"Read SORTIDA A VERD\u00da: CICLE INICIAL I  MITJ\u00c0\">Llegeix m\u00e9s\u00bb<\/a><\/p>\n","protected":false},"author":16,"featured_media":0,"comment_status":"open","ping_status":"closed","sticky":false,"template":"","format":"standard","meta":{"_bbp_topic_count":0,"_bbp_reply_count":0,"_bbp_total_topic_count":0,"_bbp_total_reply_count":0,"_bbp_voice_count":0,"_bbp_anonymous_reply_count":0,"_bbp_topic_count_hidden":0,"_bbp_reply_count_hidden":0,"_bbp_forum_subforum_count":0,"footnotes":""},"categories":[1,4],"tags":[],"class_list":["post-5873","post","type-post","status-publish","format-standard","hentry","category-general","category-portada"],"post_mailing_queue_ids":[],"_links":{"self":[{"href":"https:\/\/agora.xtec.cat\/ceip-santacreu-anglesola\/wp-json\/wp\/v2\/posts\/5873","targetHints":{"allow":["GET"]}}],"collection":[{"href":"https:\/\/agora.xtec.cat\/ceip-santacreu-anglesola\/wp-json\/wp\/v2\/posts"}],"about":[{"href":"https:\/\/agora.xtec.cat\/ceip-santacreu-anglesola\/wp-json\/wp\/v2\/types\/post"}],"author":[{"embeddable":true,"href":"https:\/\/agora.xtec.cat\/ceip-santacreu-anglesola\/wp-json\/wp\/v2\/users\/16"}],"replies":[{"embeddable":true,"href":"https:\/\/agora.xtec.cat\/ceip-santacreu-anglesola\/wp-json\/wp\/v2\/comments?post=5873"}],"version-history":[{"count":3,"href":"https:\/\/agora.xtec.cat\/ceip-santacreu-anglesola\/wp-json\/wp\/v2\/posts\/5873\/revisions"}],"predecessor-version":[{"id":6195,"href":"https:\/\/agora.xtec.cat\/ceip-santacreu-anglesola\/wp-json\/wp\/v2\/posts\/5873\/revisions\/6195"}],"wp:attachment":[{"href":"https:\/\/agora.xtec.cat\/ceip-santacreu-anglesola\/wp-json\/wp\/v2\/media?parent=5873"}],"wp:term":[{"taxonomy":"category","embeddable":true,"href":"https:\/\/agora.xtec.cat\/ceip-santacreu-anglesola\/wp-json\/wp\/v2\/categories?post=5873"},{"taxonomy":"post_tag","embeddable":true,"href":"https:\/\/agora.xtec.cat\/ceip-santacreu-anglesola\/wp-json\/wp\/v2\/tags?post=5873"}],"curies":[{"name":"wp","href":"https:\/\/api.w.org\/{rel}","templated":true}]}}