{"id":5861,"date":"2023-03-28T16:09:10","date_gmt":"2023-03-28T14:09:10","guid":{"rendered":"https:\/\/agora.xtec.cat\/ceip-santacreu-anglesola\/?p=5861"},"modified":"2023-09-05T10:41:21","modified_gmt":"2023-09-05T08:41:21","slug":"quadern-de-bitacola-colonies-cicle-superior-2","status":"publish","type":"post","link":"https:\/\/agora.xtec.cat\/ceip-santacreu-anglesola\/general\/quadern-de-bitacola-colonies-cicle-superior-2\/","title":{"rendered":"QUADERN DE BIT\u00c0COLA (COL\u00d2NIES CICLE SUPERIOR)"},"content":{"rendered":"<p><strong>DIMARTS 28 DE MAR\u00c7<\/strong><\/p>\n<p>Ens aixequem molt d&#8217;hora per pujar a l&#8217;autob\u00fas que ens portar\u00e0 a <strong>LA GRANJA<\/strong>, la que ser\u00e0 la nostra casa els propers 4 dies. El viatge \u00e9s tranquil, fins que els esperits del v\u00f2mit irrompeixen sense avisar a ning\u00fa. Bosses amunt, bosses avall arribem a Santa Maria de Palautordera. El cel est\u00e0 ennuvolat per\u00f2 l&#8217;entorn \u00e9s magn\u00edfic, es respira calma i aire pur. Hi ha nervis i emocions per con\u00e8ixer les monitores i veure les habitacions. El mestres ens reparteixen les tres habitacions i ja ens preparem per comen\u00e7ar les activitats: roc\u00f2drom i tobogan gegant on vam posar a prova la confian\u00e7a en nosaltres mateixos i on el grup ens va ajudar a superar-nos.<\/p>\n<p>Per cert, hem menjat molt b\u00e9 amb una combinaci\u00f3 perfecta d&#8217;hidrats de carboni, prote\u00efnes i vegetals\u00a0 \ud83d\ude1b<\/p>\n<p><strong>DIMECRES 29 DE MAR\u00c7<\/strong><\/p>\n<p>La nit ha estat tranquil\u00b7la, els mestres ens van ensenyar l&#8217;esperit zen i els nostres cossos van entrar en un son profund fins al dia seg\u00fcent. Ens arreglem i anem cap a esmorzar. Al menjador estem organitzades en grups, el quals s\u00f3n els responsables de cada \u00e0pat (recollir, netejar&#8230;).<\/p>\n<p>Comencem les activitats de mat\u00ed on visitem el bosc i els seus secrets. Ens anir\u00e0 b\u00e9 relaxar-nos per no pensar en la final i el tercer\/quart lloc de l&#8217;ANGLESOLA KING&#8217;S LEAGUE, que tindr\u00e0 lloc a La Granja&#8217;s Stadium aquesta tarda.<\/p>\n<p>Al mat\u00ed constru\u00efm una cabana conjunta, \u00e9s incre\u00efble el que hem aconseguit treballant i col\u00b7laborant en grup. Despr\u00e9s hem viatjat fins a la Xina, on hem hagut de superar una dura prova a la que no estem acostumades: travessar un pont xin\u00e8s on nom\u00e9s hi ha una forma d&#8217;arribar al final: dir alguna cosa que ens agradi del company o companya que tenim al davant.<\/p>\n<p>Despr\u00e9s de dinar, passem una estona lliure i provem les nostres habilitats de cowboys amb els cavalls de la casa. Demostrem el perqu\u00e8 tenim uns Tres Tombs de primera \ud83d\ude09<\/p>\n<p>A la nit posem a prova les nostres pors retornant al bosc sense la llum del sol.<\/p>\n<p><strong>DIJOUS 30 DE MAR\u00c7<\/strong><\/p>\n<p>Cada cop allarguem m\u00e9s els nostres despertars, necessitem dormir el m\u00e0xim d&#8217;hores per tornar a carregar les bateries.<\/p>\n<p>Al mat\u00ed tornem a posar a prova la confian\u00e7a cap als nostres companys i companyes de l&#8217;escola amb un circuit amb els ulls tancats. Despr\u00e9s arriba una tirolina per v\u00e8ncer les nostres pors.<\/p>\n<p>Finalment, arriba l&#8217;\u00faltima nit on mostrem les nostres habilitats de ballarins i ballarines al ritme de la m\u00fasica m\u00e9s actual.<\/p>\n<p><strong>DIVENDRES 31 DE MAR\u00c7<\/strong><\/p>\n<p>Aqu\u00ed acaben 4 dies de conviv\u00e8ncia, diversi\u00f3 i moltes experi\u00e8ncies que, de ben segur, ens ajudaran a omplir de bons records la motxilla de la vida en el seu llarg cam\u00ed.<\/p>\n<p>Ens retrobem a Anglesola \ud83d\ude42<\/p>\n<p><strong>FOTOS (actualitzades 31-3-2023)<\/strong><\/p>\n<p><img loading=\"lazy\" decoding=\"async\" class=\"aligncenter size-full wp-image-5863\" src=\"https:\/\/agora.xtec.cat\/ceip-santacreu-anglesola\/wp-content\/uploads\/usu483\/2023\/03\/1.png\" alt=\"\" width=\"225\" height=\"225\" srcset=\"https:\/\/agora.xtec.cat\/ceip-santacreu-anglesola\/wp-content\/uploads\/usu483\/2023\/03\/1.png 225w, https:\/\/agora.xtec.cat\/ceip-santacreu-anglesola\/wp-content\/uploads\/usu483\/2023\/03\/1-150x150.png 150w\" sizes=\"auto, (max-width: 225px) 100vw, 225px\" \/><\/p>\n","protected":false},"excerpt":{"rendered":"<p>DIMARTS 28 DE MAR\u00c7<br \/>\nEns aixequem molt d&#8217;hora per pujar a l&#8217;autob\u00fas que ens portar\u00e0 a LA GRANJA, la que ser\u00e0 la nostra casa els propers 4 dies. El viatge \u00e9s tranquil, fins que els esperits del v\u00f2mit irrompeixen sense avisar a ning\u00fa. Bosses amunt, bosses&hellip;  <a href=\"https:\/\/agora.xtec.cat\/ceip-santacreu-anglesola\/general\/quadern-de-bitacola-colonies-cicle-superior-2\/\" title=\"Read QUADERN DE BIT\u00c0COLA (COL\u00d2NIES CICLE SUPERIOR)\">Llegeix m\u00e9s\u00bb<\/a><\/p>\n","protected":false},"author":11,"featured_media":0,"comment_status":"open","ping_status":"closed","sticky":false,"template":"","format":"standard","meta":{"_bbp_topic_count":0,"_bbp_reply_count":0,"_bbp_total_topic_count":0,"_bbp_total_reply_count":0,"_bbp_voice_count":0,"_bbp_anonymous_reply_count":0,"_bbp_topic_count_hidden":0,"_bbp_reply_count_hidden":0,"_bbp_forum_subforum_count":0,"footnotes":""},"categories":[14,15,1,4,5],"tags":[],"class_list":["post-5861","post","type-post","status-publish","format-standard","hentry","category-5e","category-6e","category-general","category-portada","category-primaria"],"post_mailing_queue_ids":[],"_links":{"self":[{"href":"https:\/\/agora.xtec.cat\/ceip-santacreu-anglesola\/wp-json\/wp\/v2\/posts\/5861","targetHints":{"allow":["GET"]}}],"collection":[{"href":"https:\/\/agora.xtec.cat\/ceip-santacreu-anglesola\/wp-json\/wp\/v2\/posts"}],"about":[{"href":"https:\/\/agora.xtec.cat\/ceip-santacreu-anglesola\/wp-json\/wp\/v2\/types\/post"}],"author":[{"embeddable":true,"href":"https:\/\/agora.xtec.cat\/ceip-santacreu-anglesola\/wp-json\/wp\/v2\/users\/11"}],"replies":[{"embeddable":true,"href":"https:\/\/agora.xtec.cat\/ceip-santacreu-anglesola\/wp-json\/wp\/v2\/comments?post=5861"}],"version-history":[{"count":3,"href":"https:\/\/agora.xtec.cat\/ceip-santacreu-anglesola\/wp-json\/wp\/v2\/posts\/5861\/revisions"}],"predecessor-version":[{"id":6197,"href":"https:\/\/agora.xtec.cat\/ceip-santacreu-anglesola\/wp-json\/wp\/v2\/posts\/5861\/revisions\/6197"}],"wp:attachment":[{"href":"https:\/\/agora.xtec.cat\/ceip-santacreu-anglesola\/wp-json\/wp\/v2\/media?parent=5861"}],"wp:term":[{"taxonomy":"category","embeddable":true,"href":"https:\/\/agora.xtec.cat\/ceip-santacreu-anglesola\/wp-json\/wp\/v2\/categories?post=5861"},{"taxonomy":"post_tag","embeddable":true,"href":"https:\/\/agora.xtec.cat\/ceip-santacreu-anglesola\/wp-json\/wp\/v2\/tags?post=5861"}],"curies":[{"name":"wp","href":"https:\/\/api.w.org\/{rel}","templated":true}]}}