{"id":5851,"date":"2023-03-24T16:27:19","date_gmt":"2023-03-24T15:27:19","guid":{"rendered":"https:\/\/agora.xtec.cat\/ceip-santacreu-anglesola\/?p=5851"},"modified":"2023-09-05T10:41:45","modified_gmt":"2023-09-05T08:41:45","slug":"sortida-a-tarrega-bombers-i-mossos-2","status":"publish","type":"post","link":"https:\/\/agora.xtec.cat\/ceip-santacreu-anglesola\/general\/sortida-a-tarrega-bombers-i-mossos-2\/","title":{"rendered":"SORTIDA A T\u00c0RREGA: Bombers i mossos"},"content":{"rendered":"<p>Els nens i nenes d\u2019educaci\u00f3 Infantil hem anat d\u2019excursi\u00f3 a T\u00e0rrega per finalitzar el projecte dels oficis.<\/p>\n<p>Primer hem visitat el parc dels bombers i ens han ensenyat totes les instal\u00b7lacions: els vestuaris, els dormitoris, la cuina&#8230; Despr\u00e9s ens han ensenyat els camions que utilitzen per atendre les emerg\u00e8ncies i hem gaudit de fer una volta pujats al cami\u00f3 de bombers. Finalment, ens hem emprovat l\u2019uniforme de bomber i hem practicat amb la llan\u00e7a d\u2019aigua.<\/p>\n<p>A continuaci\u00f3 hem anat a la comissaria dels mossos d\u2019esquadra. All\u00e0 ens han explicat qu\u00e8 passa quan alg\u00fa fa una malifeta. Hem pujat a la moto i el cotxe dels mossos, ens hem posat les manilles, hem descobert qu\u00e8 duen al cintur\u00f3 d\u2019eines personals i hem visitat les garjoles.<\/p>\n<p>Despr\u00e9s de les visites ens hem dirigit al parc de Sant Eloi, on hem dinat i hem gaudit del bon temps jugant una estona al parc.<\/p>\n<p>Ho hem passat genial!<\/p>\n<p>Si voleu visualitzar les fotografies cliqueu la imatge.<\/p>\n<p><img loading=\"lazy\" decoding=\"async\" class=\"wp-image-5852 aligncenter\" src=\"https:\/\/agora.xtec.cat\/ceip-santacreu-anglesola\/wp-content\/uploads\/usu483\/2023\/03\/bombers-i-mossos.png\" alt=\"\" width=\"163\" height=\"190\" srcset=\"https:\/\/agora.xtec.cat\/ceip-santacreu-anglesola\/wp-content\/uploads\/usu483\/2023\/03\/bombers-i-mossos.png 447w, https:\/\/agora.xtec.cat\/ceip-santacreu-anglesola\/wp-content\/uploads\/usu483\/2023\/03\/bombers-i-mossos-257x300.png 257w\" sizes=\"auto, (max-width: 163px) 100vw, 163px\" \/><\/p>\n","protected":false},"excerpt":{"rendered":"<p>Els alumnes d&#8217;educaci\u00f3 infantil anem d&#8217;excursi\u00f3 a T\u00e0rrega!&hellip;  <a href=\"https:\/\/agora.xtec.cat\/ceip-santacreu-anglesola\/general\/sortida-a-tarrega-bombers-i-mossos-2\/\" title=\"Read SORTIDA A T\u00c0RREGA: Bombers i mossos\">Llegeix m\u00e9s\u00bb<\/a><\/p>\n","protected":false},"author":1,"featured_media":0,"comment_status":"closed","ping_status":"closed","sticky":false,"template":"","format":"standard","meta":{"_bbp_topic_count":0,"_bbp_reply_count":0,"_bbp_total_topic_count":0,"_bbp_total_reply_count":0,"_bbp_voice_count":0,"_bbp_anonymous_reply_count":0,"_bbp_topic_count_hidden":0,"_bbp_reply_count_hidden":0,"_bbp_forum_subforum_count":0,"footnotes":""},"categories":[1,4],"tags":[],"class_list":["post-5851","post","type-post","status-publish","format-standard","hentry","category-general","category-portada"],"post_mailing_queue_ids":[],"_links":{"self":[{"href":"https:\/\/agora.xtec.cat\/ceip-santacreu-anglesola\/wp-json\/wp\/v2\/posts\/5851","targetHints":{"allow":["GET"]}}],"collection":[{"href":"https:\/\/agora.xtec.cat\/ceip-santacreu-anglesola\/wp-json\/wp\/v2\/posts"}],"about":[{"href":"https:\/\/agora.xtec.cat\/ceip-santacreu-anglesola\/wp-json\/wp\/v2\/types\/post"}],"author":[{"embeddable":true,"href":"https:\/\/agora.xtec.cat\/ceip-santacreu-anglesola\/wp-json\/wp\/v2\/users\/1"}],"replies":[{"embeddable":true,"href":"https:\/\/agora.xtec.cat\/ceip-santacreu-anglesola\/wp-json\/wp\/v2\/comments?post=5851"}],"version-history":[{"count":3,"href":"https:\/\/agora.xtec.cat\/ceip-santacreu-anglesola\/wp-json\/wp\/v2\/posts\/5851\/revisions"}],"predecessor-version":[{"id":6198,"href":"https:\/\/agora.xtec.cat\/ceip-santacreu-anglesola\/wp-json\/wp\/v2\/posts\/5851\/revisions\/6198"}],"wp:attachment":[{"href":"https:\/\/agora.xtec.cat\/ceip-santacreu-anglesola\/wp-json\/wp\/v2\/media?parent=5851"}],"wp:term":[{"taxonomy":"category","embeddable":true,"href":"https:\/\/agora.xtec.cat\/ceip-santacreu-anglesola\/wp-json\/wp\/v2\/categories?post=5851"},{"taxonomy":"post_tag","embeddable":true,"href":"https:\/\/agora.xtec.cat\/ceip-santacreu-anglesola\/wp-json\/wp\/v2\/tags?post=5851"}],"curies":[{"name":"wp","href":"https:\/\/api.w.org\/{rel}","templated":true}]}}