{"id":5839,"date":"2023-03-20T15:44:38","date_gmt":"2023-03-20T14:44:38","guid":{"rendered":"https:\/\/agora.xtec.cat\/ceip-santacreu-anglesola\/?p=5839"},"modified":"2023-03-20T16:48:03","modified_gmt":"2023-03-20T15:48:03","slug":"pantalles-perills-i-control-parental","status":"publish","type":"post","link":"https:\/\/agora.xtec.cat\/ceip-santacreu-anglesola\/portada\/pantalles-perills-i-control-parental\/","title":{"rendered":"Pantalles: perills i control parental"},"content":{"rendered":"<p>Continuem insistint en l&#8217;\u00fas de les pantalles (m\u00f2bils, tablets, etc) dels nostres infants i en els perills que aix\u00f2 suposa per al seu correcte creixement i desenvolupament. Ens preocupa molt aquest tema perqu\u00e8 els experts cont\u00ednuament estan alertant del greu problema.\u00a0 Per aquest motiu en els articles d&#8217;aquest mes en tornem a parlar.<\/p>\n<p><a href=\"https:\/\/www.criar.cat\/noticia\/1698\/limpacte-de-les-pantalles-al-cervell-de-joves-i-adolescents\">https:\/\/www.criar.cat\/noticia\/1698\/limpacte-de-les-pantalles-al-cervell-de-joves-i-adolescents<\/a><\/p>\n<p>En el segon article, el psic\u00f2leg Francisco Villar, expert en su\u00efcidi d&#8217;adolescents adverteix que no s&#8217;hauria de tenir m\u00f2bil abans dels 16 anys:<\/p>\n<p><a href=\"https:\/\/www.rac1.cat\/el-mon\/20230223\/105652\/psicoleg-expert-suicidi-adolescents-no-haurien-de-tenir-mobil-abans-16-anys.html?utm_term=botones_sociales\">https:\/\/www.rac1.cat\/el-mon\/20230223\/105652\/psicoleg-expert-suicidi-adolescents-no-haurien-de-tenir-mobil-abans-16-anys.html?utm_term=botones_sociales<\/a><\/p>\n<p>I per \u00faltim us compartim un article on trobareu diverses eines de control parental:<\/p>\n<p><a href=\"https:\/\/www.criar.cat\/noticia\/1699\/les-millors-eines-de-control-parental-que-has-de-coneixer-\">https:\/\/www.criar.cat\/noticia\/1699\/les-millors-eines-de-control-parental-que-has-de-coneixer-<\/a><\/p>\n<p>&nbsp;<\/p>\n","protected":false},"excerpt":{"rendered":"<p>Continuem insistint en l&#8217;\u00fas de les pantalles (m\u00f2bils, tablets, etc) dels nostres infants i en els perills que aix\u00f2 suposa per al seu correcte creixement i desenvolupament. Ens preocupa molt aquest tema perqu\u00e8 els experts cont\u00ednuament estan alertant del greu problema.\u00a0 Per aquest motiu en&hellip;  <a href=\"https:\/\/agora.xtec.cat\/ceip-santacreu-anglesola\/portada\/pantalles-perills-i-control-parental\/\" title=\"Read Pantalles: perills i control parental\">Llegeix m\u00e9s\u00bb<\/a><\/p>\n","protected":false},"author":3,"featured_media":0,"comment_status":"open","ping_status":"closed","sticky":false,"template":"","format":"standard","meta":{"_bbp_topic_count":0,"_bbp_reply_count":0,"_bbp_total_topic_count":0,"_bbp_total_reply_count":0,"_bbp_voice_count":0,"_bbp_anonymous_reply_count":0,"_bbp_topic_count_hidden":0,"_bbp_reply_count_hidden":0,"_bbp_forum_subforum_count":0,"footnotes":""},"categories":[54,4],"tags":[],"class_list":["post-5839","post","type-post","status-publish","format-standard","hentry","category-articles","category-portada"],"post_mailing_queue_ids":[],"_links":{"self":[{"href":"https:\/\/agora.xtec.cat\/ceip-santacreu-anglesola\/wp-json\/wp\/v2\/posts\/5839","targetHints":{"allow":["GET"]}}],"collection":[{"href":"https:\/\/agora.xtec.cat\/ceip-santacreu-anglesola\/wp-json\/wp\/v2\/posts"}],"about":[{"href":"https:\/\/agora.xtec.cat\/ceip-santacreu-anglesola\/wp-json\/wp\/v2\/types\/post"}],"author":[{"embeddable":true,"href":"https:\/\/agora.xtec.cat\/ceip-santacreu-anglesola\/wp-json\/wp\/v2\/users\/3"}],"replies":[{"embeddable":true,"href":"https:\/\/agora.xtec.cat\/ceip-santacreu-anglesola\/wp-json\/wp\/v2\/comments?post=5839"}],"version-history":[{"count":2,"href":"https:\/\/agora.xtec.cat\/ceip-santacreu-anglesola\/wp-json\/wp\/v2\/posts\/5839\/revisions"}],"predecessor-version":[{"id":5841,"href":"https:\/\/agora.xtec.cat\/ceip-santacreu-anglesola\/wp-json\/wp\/v2\/posts\/5839\/revisions\/5841"}],"wp:attachment":[{"href":"https:\/\/agora.xtec.cat\/ceip-santacreu-anglesola\/wp-json\/wp\/v2\/media?parent=5839"}],"wp:term":[{"taxonomy":"category","embeddable":true,"href":"https:\/\/agora.xtec.cat\/ceip-santacreu-anglesola\/wp-json\/wp\/v2\/categories?post=5839"},{"taxonomy":"post_tag","embeddable":true,"href":"https:\/\/agora.xtec.cat\/ceip-santacreu-anglesola\/wp-json\/wp\/v2\/tags?post=5839"}],"curies":[{"name":"wp","href":"https:\/\/api.w.org\/{rel}","templated":true}]}}