{"id":5831,"date":"2023-03-09T18:46:18","date_gmt":"2023-03-09T17:46:18","guid":{"rendered":"https:\/\/agora.xtec.cat\/ceip-santacreu-anglesola\/?p=5831"},"modified":"2023-09-05T10:42:33","modified_gmt":"2023-09-05T08:42:33","slug":"contacontes-per-la-igualtat-de-genere","status":"publish","type":"post","link":"https:\/\/agora.xtec.cat\/ceip-santacreu-anglesola\/general\/contacontes-per-la-igualtat-de-genere\/","title":{"rendered":"Contacontes per la igualtat de g\u00e8nere"},"content":{"rendered":"<div>\n<p style=\"text-align: justify;\">El taller de contacontes d&#8217;igualtat de g\u00e8nere celebrat el passat dimecres 8 de mar\u00e7 a l&#8217;escola va ser una activitat molt interessant i enriquidora per als nens i nenes de segon curs. El taller va girar al voltant del conte cl\u00e0ssic de &#8220;La caputxeta vermella&#8221;, per\u00f2 presentat de formes diferents per demostrar que podem utilitzar els mateixos personatges en totes les versions per\u00f2 adoptant rols totalment oposats i, aix\u00ed doncs, trencar amb els estereotips de g\u00e8nere.<\/p>\n<\/div>\n<div>\n<p style=\"text-align: justify;\">A trav\u00e9s d&#8217;aquesta activitat es va fomentar la reflexi\u00f3 i la discussi\u00f3 sobre el tema, fent que els alumnes esdevinguessin conscients de la necessitat d&#8217;una societat m\u00e9s igualit\u00e0ria.<\/p>\n<p style=\"text-align: justify;\">Va ser una oportunitat per aprendre sobre la import\u00e0ncia de la igualtat de g\u00e8nere i la necessitat de desafiar els estereotips de g\u00e8nere en els contes.<\/p>\n<p>Cliqueu a la imatge per a veure les fotos<\/p>\n<p><img loading=\"lazy\" decoding=\"async\" class=\"alignnone\" src=\"https:\/\/www.sortirambnens.com\/wp-content\/uploads\/2008\/11\/c5c0a28a3994ca1491828123987c79bf.jpg\" alt=\"LA CAPUTXETA VERMELLA - Sortir amb nens\" width=\"245\" height=\"245\" \/><\/p>\n<\/div>\n","protected":false},"excerpt":{"rendered":"<p>El taller de contacontes d&#8217;igualtat de g\u00e8nere celebrat el passat dimecres 8 de mar\u00e7 a l&#8217;escola va ser una activitat molt interessant i enriquidora per als nens i nenes de segon curs. El taller va girar al voltant del conte cl\u00e0ssic de &#8220;La caputxeta vermella&#8221;,&hellip;  <a href=\"https:\/\/agora.xtec.cat\/ceip-santacreu-anglesola\/general\/contacontes-per-la-igualtat-de-genere\/\" title=\"Read Contacontes per la igualtat de g\u00e8nere\">Llegeix m\u00e9s\u00bb<\/a><\/p>\n","protected":false},"author":3,"featured_media":0,"comment_status":"open","ping_status":"closed","sticky":false,"template":"","format":"standard","meta":{"_bbp_topic_count":0,"_bbp_reply_count":0,"_bbp_total_topic_count":0,"_bbp_total_reply_count":0,"_bbp_voice_count":0,"_bbp_anonymous_reply_count":0,"_bbp_topic_count_hidden":0,"_bbp_reply_count_hidden":0,"_bbp_forum_subforum_count":0,"footnotes":""},"categories":[52,1,4],"tags":[],"class_list":["post-5831","post","type-post","status-publish","format-standard","hentry","category-2n-1r","category-general","category-portada"],"post_mailing_queue_ids":[],"_links":{"self":[{"href":"https:\/\/agora.xtec.cat\/ceip-santacreu-anglesola\/wp-json\/wp\/v2\/posts\/5831","targetHints":{"allow":["GET"]}}],"collection":[{"href":"https:\/\/agora.xtec.cat\/ceip-santacreu-anglesola\/wp-json\/wp\/v2\/posts"}],"about":[{"href":"https:\/\/agora.xtec.cat\/ceip-santacreu-anglesola\/wp-json\/wp\/v2\/types\/post"}],"author":[{"embeddable":true,"href":"https:\/\/agora.xtec.cat\/ceip-santacreu-anglesola\/wp-json\/wp\/v2\/users\/3"}],"replies":[{"embeddable":true,"href":"https:\/\/agora.xtec.cat\/ceip-santacreu-anglesola\/wp-json\/wp\/v2\/comments?post=5831"}],"version-history":[{"count":3,"href":"https:\/\/agora.xtec.cat\/ceip-santacreu-anglesola\/wp-json\/wp\/v2\/posts\/5831\/revisions"}],"predecessor-version":[{"id":6200,"href":"https:\/\/agora.xtec.cat\/ceip-santacreu-anglesola\/wp-json\/wp\/v2\/posts\/5831\/revisions\/6200"}],"wp:attachment":[{"href":"https:\/\/agora.xtec.cat\/ceip-santacreu-anglesola\/wp-json\/wp\/v2\/media?parent=5831"}],"wp:term":[{"taxonomy":"category","embeddable":true,"href":"https:\/\/agora.xtec.cat\/ceip-santacreu-anglesola\/wp-json\/wp\/v2\/categories?post=5831"},{"taxonomy":"post_tag","embeddable":true,"href":"https:\/\/agora.xtec.cat\/ceip-santacreu-anglesola\/wp-json\/wp\/v2\/tags?post=5831"}],"curies":[{"name":"wp","href":"https:\/\/api.w.org\/{rel}","templated":true}]}}