{"id":5791,"date":"2023-03-08T08:30:13","date_gmt":"2023-03-08T07:30:13","guid":{"rendered":"https:\/\/agora.xtec.cat\/ceip-santacreu-anglesola\/?p=5791"},"modified":"2023-09-05T10:43:52","modified_gmt":"2023-09-05T08:43:52","slug":"coneixem-lofici-de-pages","status":"publish","type":"post","link":"https:\/\/agora.xtec.cat\/ceip-santacreu-anglesola\/general\/coneixem-lofici-de-pages\/","title":{"rendered":"CONEIXEM L&#8217;OFICI DE PAG\u00c8S"},"content":{"rendered":"<p style=\"padding-left: 40px;\">El passat dilluns 06 de mar\u00e7, l&#8217;alumnat d&#8217;Educaci\u00f3 Infantil, vam anar a con\u00e8ixer l&#8217;ofici de pag\u00e8s. El Vicen\u00e7 i la Flora, pares de la Tha\u00eds d&#8217; I3 ens van explicar aquest bonic ofici. Ens van ensenyar els tractors i m\u00e0quines que tenen per tal de collir les pomes i les peres a l&#8217;estiu.\u00a0 Tamb\u00e9 ens van ensenyar la tomisadora i ens van explicar per a qu\u00e8 servia, i la carreta que tenen per recollir tot el cereal.<\/p>\n<p>Despr\u00e9s vam anar al seu hort, on ens van explicar el qu\u00e8 hi tenien plantat ara a l&#8217;hivern. A l&#8217;hort, vam con\u00e8ixer unes gallines i uns pollets molt simp\u00e0tics! Per acabar, ens van donar unes pomes bon\u00edssimes del seu tros!<\/p>\n<p>Gr\u00e0cies Flora i Vicen\u00e7 per dedicar-nos una estona del vostre temps! Ens ho vam passar molt b\u00e9!<\/p>\n<p>CLIQUEU A LA IMATGE PER VEURE TOTES LES FOTOS DE LA SORTIDA<\/p>\n<p><img decoding=\"async\" class=\"aligncenter\" src=\"https:\/\/jardibotanic-gombren.cat\/images\/pomes.png\" alt=\"Pomera- Jardi Botanic Gombren\" \/><\/p>\n","protected":false},"excerpt":{"rendered":"<p>El passat dilluns 06 de mar\u00e7, l&#8217;alumnat d&#8217;Educaci\u00f3 Infantil, vam anar a con\u00e8ixer l&#8217;ofici de pag\u00e8s. El Vicen\u00e7 i la Flora, pares de la Tha\u00eds d&#8217; I3 ens van explicar aquest bonic ofici. Ens van ensenyar els tractors i m\u00e0quines que tenen per tal de&hellip;  <a href=\"https:\/\/agora.xtec.cat\/ceip-santacreu-anglesola\/general\/coneixem-lofici-de-pages\/\" title=\"Read CONEIXEM L&#8217;OFICI DE PAG\u00c8S\">Llegeix m\u00e9s\u00bb<\/a><\/p>\n","protected":false},"author":24,"featured_media":0,"comment_status":"open","ping_status":"closed","sticky":false,"template":"","format":"standard","meta":{"_bbp_topic_count":0,"_bbp_reply_count":0,"_bbp_total_topic_count":0,"_bbp_total_reply_count":0,"_bbp_voice_count":0,"_bbp_anonymous_reply_count":0,"_bbp_topic_count_hidden":0,"_bbp_reply_count_hidden":0,"_bbp_forum_subforum_count":0,"footnotes":""},"categories":[1,4],"tags":[53,59],"class_list":["post-5791","post","type-post","status-publish","format-standard","hentry","category-general","category-portada","tag-educacio-emocional","tag-po"],"post_mailing_queue_ids":[],"_links":{"self":[{"href":"https:\/\/agora.xtec.cat\/ceip-santacreu-anglesola\/wp-json\/wp\/v2\/posts\/5791","targetHints":{"allow":["GET"]}}],"collection":[{"href":"https:\/\/agora.xtec.cat\/ceip-santacreu-anglesola\/wp-json\/wp\/v2\/posts"}],"about":[{"href":"https:\/\/agora.xtec.cat\/ceip-santacreu-anglesola\/wp-json\/wp\/v2\/types\/post"}],"author":[{"embeddable":true,"href":"https:\/\/agora.xtec.cat\/ceip-santacreu-anglesola\/wp-json\/wp\/v2\/users\/24"}],"replies":[{"embeddable":true,"href":"https:\/\/agora.xtec.cat\/ceip-santacreu-anglesola\/wp-json\/wp\/v2\/comments?post=5791"}],"version-history":[{"count":3,"href":"https:\/\/agora.xtec.cat\/ceip-santacreu-anglesola\/wp-json\/wp\/v2\/posts\/5791\/revisions"}],"predecessor-version":[{"id":6205,"href":"https:\/\/agora.xtec.cat\/ceip-santacreu-anglesola\/wp-json\/wp\/v2\/posts\/5791\/revisions\/6205"}],"wp:attachment":[{"href":"https:\/\/agora.xtec.cat\/ceip-santacreu-anglesola\/wp-json\/wp\/v2\/media?parent=5791"}],"wp:term":[{"taxonomy":"category","embeddable":true,"href":"https:\/\/agora.xtec.cat\/ceip-santacreu-anglesola\/wp-json\/wp\/v2\/categories?post=5791"},{"taxonomy":"post_tag","embeddable":true,"href":"https:\/\/agora.xtec.cat\/ceip-santacreu-anglesola\/wp-json\/wp\/v2\/tags?post=5791"}],"curies":[{"name":"wp","href":"https:\/\/api.w.org\/{rel}","templated":true}]}}