{"id":5748,"date":"2023-02-18T07:35:54","date_gmt":"2023-02-18T06:35:54","guid":{"rendered":"https:\/\/agora.xtec.cat\/ceip-santacreu-anglesola\/?p=5748"},"modified":"2023-09-05T10:44:59","modified_gmt":"2023-09-05T08:44:59","slug":"teatre-en-angles-a-tarrega","status":"publish","type":"post","link":"https:\/\/agora.xtec.cat\/ceip-santacreu-anglesola\/general\/teatre-en-angles-a-tarrega\/","title":{"rendered":"Teatre en angl\u00e8s a T\u00e0rrega"},"content":{"rendered":"<p>El dijous al mat\u00ed l&#8217;alumnat de 5\u00e8 i 6\u00e8 vam poder gaudir d&#8217;una espectacle en angl\u00e8s de la companyia IPA Productions. L&#8217;activitat est\u00e0 dins del Programa Comarcal de Suport a l&#8217;Educaci\u00f3 del Consell Comarcal de l&#8217;Urgell amb la col\u00b7laboraci\u00f3 dels Serveis Educatius de l&#8217;Urgell.<\/p>\n<p>Pr\u00e8viament hav\u00edem treballat l&#8217;obra a la classe per aix\u00ed poder seguir millor l&#8217;espectacle. L&#8217;obra vista va ser Frankenstein, una adaptaci\u00f3 de la coneguda hist\u00f2ria.<\/p>\n<p>Va ser un espectacle molt participatiu i molt divertit i amb el qual vam poder practicar l&#8217;angl\u00e8s.<\/p>\n<p>Cliqueu a la imatge per a poder veure les fotografies.<\/p>\n<p><img loading=\"lazy\" decoding=\"async\" class=\"alignnone\" src=\"https:\/\/www.ipaproductions.com\/assets\/images\/shows\/_shows_1020\/frank-1.jpg\" alt=\"First slide\" width=\"600\" height=\"400\" \/><\/p>\n<p>&nbsp;<\/p>\n","protected":false},"excerpt":{"rendered":"<p>El dijous al mat\u00ed l&#8217;alumnat de 5\u00e8 i 6\u00e8 vam poder gaudir d&#8217;una espectacle en angl\u00e8s de la companyia IPA Productions. L&#8217;activitat est\u00e0 dins del Programa Comarcal de Suport a l&#8217;Educaci\u00f3 del Consell Comarcal de l&#8217;Urgell amb la col\u00b7laboraci\u00f3 dels Serveis Educatius de l&#8217;Urgell.<br \/>\nPr\u00e8viament hav\u00edem&hellip;  <a href=\"https:\/\/agora.xtec.cat\/ceip-santacreu-anglesola\/general\/teatre-en-angles-a-tarrega\/\" title=\"Read Teatre en angl\u00e8s a T\u00e0rrega\">Llegeix m\u00e9s\u00bb<\/a><\/p>\n","protected":false},"author":3,"featured_media":0,"comment_status":"open","ping_status":"closed","sticky":false,"template":"","format":"standard","meta":{"_bbp_topic_count":0,"_bbp_reply_count":0,"_bbp_total_topic_count":0,"_bbp_total_reply_count":0,"_bbp_voice_count":0,"_bbp_anonymous_reply_count":0,"_bbp_topic_count_hidden":0,"_bbp_reply_count_hidden":0,"_bbp_forum_subforum_count":0,"footnotes":""},"categories":[14,15,1,4],"tags":[],"class_list":["post-5748","post","type-post","status-publish","format-standard","hentry","category-5e","category-6e","category-general","category-portada"],"post_mailing_queue_ids":[],"_links":{"self":[{"href":"https:\/\/agora.xtec.cat\/ceip-santacreu-anglesola\/wp-json\/wp\/v2\/posts\/5748","targetHints":{"allow":["GET"]}}],"collection":[{"href":"https:\/\/agora.xtec.cat\/ceip-santacreu-anglesola\/wp-json\/wp\/v2\/posts"}],"about":[{"href":"https:\/\/agora.xtec.cat\/ceip-santacreu-anglesola\/wp-json\/wp\/v2\/types\/post"}],"author":[{"embeddable":true,"href":"https:\/\/agora.xtec.cat\/ceip-santacreu-anglesola\/wp-json\/wp\/v2\/users\/3"}],"replies":[{"embeddable":true,"href":"https:\/\/agora.xtec.cat\/ceip-santacreu-anglesola\/wp-json\/wp\/v2\/comments?post=5748"}],"version-history":[{"count":3,"href":"https:\/\/agora.xtec.cat\/ceip-santacreu-anglesola\/wp-json\/wp\/v2\/posts\/5748\/revisions"}],"predecessor-version":[{"id":6209,"href":"https:\/\/agora.xtec.cat\/ceip-santacreu-anglesola\/wp-json\/wp\/v2\/posts\/5748\/revisions\/6209"}],"wp:attachment":[{"href":"https:\/\/agora.xtec.cat\/ceip-santacreu-anglesola\/wp-json\/wp\/v2\/media?parent=5748"}],"wp:term":[{"taxonomy":"category","embeddable":true,"href":"https:\/\/agora.xtec.cat\/ceip-santacreu-anglesola\/wp-json\/wp\/v2\/categories?post=5748"},{"taxonomy":"post_tag","embeddable":true,"href":"https:\/\/agora.xtec.cat\/ceip-santacreu-anglesola\/wp-json\/wp\/v2\/tags?post=5748"}],"curies":[{"name":"wp","href":"https:\/\/api.w.org\/{rel}","templated":true}]}}