{"id":5737,"date":"2023-02-09T16:31:31","date_gmt":"2023-02-09T15:31:31","guid":{"rendered":"https:\/\/agora.xtec.cat\/ceip-santacreu-anglesola\/?p=5737"},"modified":"2023-09-05T10:45:28","modified_gmt":"2023-09-05T08:45:28","slug":"cicle-mitja-anem-al-teatre-ateneu","status":"publish","type":"post","link":"https:\/\/agora.xtec.cat\/ceip-santacreu-anglesola\/general\/cicle-mitja-anem-al-teatre-ateneu\/","title":{"rendered":"Cicle Mitj\u00e0 anem al teatre Ateneu"},"content":{"rendered":"<p>Aquest mat\u00ed hem anat a T\u00e0rrega a veure l&#8217;espectacle de &#8220;l&#8217;Odissea d&#8217;Ulisses&#8221; juntament amb diferents escoles dels pobles de l&#8217;Urgell. Aquesta cl\u00e0ssica obra ens ha explicat com Ulisses volia arribar a \u00cdtaca i en el seu viatge per diferents illes va passant diferents aventures fins que arriba al seu objectiu. Ens han fet veure que l&#8217;important \u00e9s gaudir del cam\u00ed que et porta cap all\u00e0 on vols anar.<\/p>\n<p>Hem pogut passar una bona estona jugant mentre esper\u00e0vem l&#8217;autocar que ens vingu\u00e9s a buscar. Ha estat una estona divertida i entretinguda.<\/p>\n<p>L&#8217;alumnat de 4t<\/p>\n<p><img loading=\"lazy\" decoding=\"async\" class=\"alignnone wp-image-5739 size-medium\" src=\"https:\/\/agora.xtec.cat\/ceip-santacreu-anglesola\/wp-content\/uploads\/usu483\/2023\/02\/1675942415620-300x300.jpg\" alt=\"\" width=\"300\" height=\"300\" srcset=\"https:\/\/agora.xtec.cat\/ceip-santacreu-anglesola\/wp-content\/uploads\/usu483\/2023\/02\/1675942415620-300x300.jpg 300w, https:\/\/agora.xtec.cat\/ceip-santacreu-anglesola\/wp-content\/uploads\/usu483\/2023\/02\/1675942415620-1024x1024.jpg 1024w, https:\/\/agora.xtec.cat\/ceip-santacreu-anglesola\/wp-content\/uploads\/usu483\/2023\/02\/1675942415620-150x150.jpg 150w, https:\/\/agora.xtec.cat\/ceip-santacreu-anglesola\/wp-content\/uploads\/usu483\/2023\/02\/1675942415620-768x768.jpg 768w, https:\/\/agora.xtec.cat\/ceip-santacreu-anglesola\/wp-content\/uploads\/usu483\/2023\/02\/1675942415620-1536x1536.jpg 1536w, https:\/\/agora.xtec.cat\/ceip-santacreu-anglesola\/wp-content\/uploads\/usu483\/2023\/02\/1675942415620-2048x2048.jpg 2048w\" sizes=\"auto, (max-width: 300px) 100vw, 300px\" \/><\/p>\n<p>&nbsp;<\/p>\n","protected":false},"excerpt":{"rendered":"<p>Aquest mat\u00ed hem anat a T\u00e0rrega a veure l&#8217;espectacle de &#8220;l&#8217;Odissea d&#8217;Ulisses&#8221; juntament amb diferents escoles dels pobles de l&#8217;Urgell. Aquesta cl\u00e0ssica obra ens ha explicat com Ulisses volia arribar a \u00cdtaca i en el seu viatge per diferents illes va passant diferents aventures fins&hellip;  <a href=\"https:\/\/agora.xtec.cat\/ceip-santacreu-anglesola\/general\/cicle-mitja-anem-al-teatre-ateneu\/\" title=\"Read Cicle Mitj\u00e0 anem al teatre Ateneu\">Llegeix m\u00e9s\u00bb<\/a><\/p>\n","protected":false},"author":1,"featured_media":0,"comment_status":"open","ping_status":"closed","sticky":false,"template":"","format":"standard","meta":{"_bbp_topic_count":0,"_bbp_reply_count":0,"_bbp_total_topic_count":0,"_bbp_total_reply_count":0,"_bbp_voice_count":0,"_bbp_anonymous_reply_count":0,"_bbp_topic_count_hidden":0,"_bbp_reply_count_hidden":0,"_bbp_forum_subforum_count":0,"footnotes":""},"categories":[1,4,5],"tags":[],"class_list":["post-5737","post","type-post","status-publish","format-standard","hentry","category-general","category-portada","category-primaria"],"post_mailing_queue_ids":[],"_links":{"self":[{"href":"https:\/\/agora.xtec.cat\/ceip-santacreu-anglesola\/wp-json\/wp\/v2\/posts\/5737","targetHints":{"allow":["GET"]}}],"collection":[{"href":"https:\/\/agora.xtec.cat\/ceip-santacreu-anglesola\/wp-json\/wp\/v2\/posts"}],"about":[{"href":"https:\/\/agora.xtec.cat\/ceip-santacreu-anglesola\/wp-json\/wp\/v2\/types\/post"}],"author":[{"embeddable":true,"href":"https:\/\/agora.xtec.cat\/ceip-santacreu-anglesola\/wp-json\/wp\/v2\/users\/1"}],"replies":[{"embeddable":true,"href":"https:\/\/agora.xtec.cat\/ceip-santacreu-anglesola\/wp-json\/wp\/v2\/comments?post=5737"}],"version-history":[{"count":3,"href":"https:\/\/agora.xtec.cat\/ceip-santacreu-anglesola\/wp-json\/wp\/v2\/posts\/5737\/revisions"}],"predecessor-version":[{"id":6210,"href":"https:\/\/agora.xtec.cat\/ceip-santacreu-anglesola\/wp-json\/wp\/v2\/posts\/5737\/revisions\/6210"}],"wp:attachment":[{"href":"https:\/\/agora.xtec.cat\/ceip-santacreu-anglesola\/wp-json\/wp\/v2\/media?parent=5737"}],"wp:term":[{"taxonomy":"category","embeddable":true,"href":"https:\/\/agora.xtec.cat\/ceip-santacreu-anglesola\/wp-json\/wp\/v2\/categories?post=5737"},{"taxonomy":"post_tag","embeddable":true,"href":"https:\/\/agora.xtec.cat\/ceip-santacreu-anglesola\/wp-json\/wp\/v2\/tags?post=5737"}],"curies":[{"name":"wp","href":"https:\/\/api.w.org\/{rel}","templated":true}]}}