{"id":5729,"date":"2023-02-09T11:32:59","date_gmt":"2023-02-09T10:32:59","guid":{"rendered":"https:\/\/agora.xtec.cat\/ceip-santacreu-anglesola\/?p=5729"},"modified":"2023-09-05T10:45:43","modified_gmt":"2023-09-05T08:45:43","slug":"els-oficis-professora-fp-emergencies-sanitaries","status":"publish","type":"post","link":"https:\/\/agora.xtec.cat\/ceip-santacreu-anglesola\/infantil\/els-oficis-professora-fp-emergencies-sanitaries\/","title":{"rendered":"ELS OFICIS: PROFESSORA FP EMERG\u00c8NCIES SANIT\u00c0RIES"},"content":{"rendered":"<p style=\"text-align: center;\">El dilluns 6 de febrer ens va venir a visitar la M\u00f2nica, la mare de l\u2019Al\u00e8xia d&#8217; EI5.<\/p>\n<p style=\"text-align: center;\">La M\u00f2nica ens va explicar el seu ofici: PROFESSORA DE FORMACI\u00d3 PROFESSIONAL D\u2019EMERG\u00c8NCIES SANIT\u00c0RIES.<\/p>\n<p style=\"text-align: center;\">El seu ofici consisteix en ensenyar i preparar els seus alumnes perqu\u00e8 puguin traslladar pacients, prestar atenci\u00f3 b\u00e0sica sanit\u00e0ria, portar a terme teleassist\u00e8ncia sanit\u00e0ria i col\u00b7laborar en l\u2019organitzaci\u00f3 i el desenvolupament de plans d\u2019emerg\u00e8ncia.<\/p>\n<p style=\"text-align: center;\">Ens ha portat diferents objectes que utilitzen a l\u2019institut per aprendre a \u00a0atendre els pacients que tenen una emerg\u00e8ncia sanit\u00e0ria, i ens ha deixat practicar la reanimaci\u00f3. Tamb\u00e9 \u00a0ens ha explicat que davant una emerg\u00e8ncia cal que telefonem al 112.<\/p>\n<p style=\"text-align: center;\">I de record ens ha regalat una maqueta d\u2019ambul\u00e0ncia!<\/p>\n<p style=\"text-align: center;\">MOLTES GR\u00c0CIES PER VENIR A EXPLICAR-NOS LA TEVA FEINA M\u00d2NICA!<\/p>\n<p style=\"text-align: center;\">Clica l&#8217;ambul\u00e0ncia per visualitzar les fotografies:<\/p>\n<p>&nbsp;<\/p>\n<p><img loading=\"lazy\" decoding=\"async\" class=\"alignnone wp-image-5730 aligncenter\" src=\"https:\/\/agora.xtec.cat\/ceip-santacreu-anglesola\/wp-content\/uploads\/usu483\/2023\/02\/ambulancia.png\" alt=\"\" width=\"305\" height=\"305\" srcset=\"https:\/\/agora.xtec.cat\/ceip-santacreu-anglesola\/wp-content\/uploads\/usu483\/2023\/02\/ambulancia.png 512w, https:\/\/agora.xtec.cat\/ceip-santacreu-anglesola\/wp-content\/uploads\/usu483\/2023\/02\/ambulancia-300x300.png 300w, https:\/\/agora.xtec.cat\/ceip-santacreu-anglesola\/wp-content\/uploads\/usu483\/2023\/02\/ambulancia-150x150.png 150w\" sizes=\"auto, (max-width: 305px) 100vw, 305px\" \/><\/p>\n","protected":false},"excerpt":{"rendered":"<p>El dilluns 6 de febrer ens va venir a visitar la M\u00f2nica, la mare de l\u2019Al\u00e8xia d&#8217; EI5.<br \/>\nLa M\u00f2nica ens va explicar el seu ofici: PROFESSORA DE FORMACI\u00d3 PROFESSIONAL D\u2019EMERG\u00c8NCIES SANIT\u00c0RIES.<br \/>\nEl seu ofici consisteix en ensenyar i preparar els seus alumnes perqu\u00e8 puguin traslladar pacients,&hellip;  <a href=\"https:\/\/agora.xtec.cat\/ceip-santacreu-anglesola\/infantil\/els-oficis-professora-fp-emergencies-sanitaries\/\" title=\"Read ELS OFICIS: PROFESSORA FP EMERG\u00c8NCIES SANIT\u00c0RIES\">Llegeix m\u00e9s\u00bb<\/a><\/p>\n","protected":false},"author":1,"featured_media":0,"comment_status":"open","ping_status":"closed","sticky":false,"template":"","format":"standard","meta":{"_bbp_topic_count":0,"_bbp_reply_count":0,"_bbp_total_topic_count":0,"_bbp_total_reply_count":0,"_bbp_voice_count":0,"_bbp_anonymous_reply_count":0,"_bbp_topic_count_hidden":0,"_bbp_reply_count_hidden":0,"_bbp_forum_subforum_count":0,"footnotes":""},"categories":[2,4],"tags":[],"class_list":["post-5729","post","type-post","status-publish","format-standard","hentry","category-infantil","category-portada"],"post_mailing_queue_ids":[],"_links":{"self":[{"href":"https:\/\/agora.xtec.cat\/ceip-santacreu-anglesola\/wp-json\/wp\/v2\/posts\/5729","targetHints":{"allow":["GET"]}}],"collection":[{"href":"https:\/\/agora.xtec.cat\/ceip-santacreu-anglesola\/wp-json\/wp\/v2\/posts"}],"about":[{"href":"https:\/\/agora.xtec.cat\/ceip-santacreu-anglesola\/wp-json\/wp\/v2\/types\/post"}],"author":[{"embeddable":true,"href":"https:\/\/agora.xtec.cat\/ceip-santacreu-anglesola\/wp-json\/wp\/v2\/users\/1"}],"replies":[{"embeddable":true,"href":"https:\/\/agora.xtec.cat\/ceip-santacreu-anglesola\/wp-json\/wp\/v2\/comments?post=5729"}],"version-history":[{"count":3,"href":"https:\/\/agora.xtec.cat\/ceip-santacreu-anglesola\/wp-json\/wp\/v2\/posts\/5729\/revisions"}],"predecessor-version":[{"id":6211,"href":"https:\/\/agora.xtec.cat\/ceip-santacreu-anglesola\/wp-json\/wp\/v2\/posts\/5729\/revisions\/6211"}],"wp:attachment":[{"href":"https:\/\/agora.xtec.cat\/ceip-santacreu-anglesola\/wp-json\/wp\/v2\/media?parent=5729"}],"wp:term":[{"taxonomy":"category","embeddable":true,"href":"https:\/\/agora.xtec.cat\/ceip-santacreu-anglesola\/wp-json\/wp\/v2\/categories?post=5729"},{"taxonomy":"post_tag","embeddable":true,"href":"https:\/\/agora.xtec.cat\/ceip-santacreu-anglesola\/wp-json\/wp\/v2\/tags?post=5729"}],"curies":[{"name":"wp","href":"https:\/\/api.w.org\/{rel}","templated":true}]}}