{"id":5677,"date":"2023-02-01T13:33:34","date_gmt":"2023-02-01T12:33:34","guid":{"rendered":"https:\/\/agora.xtec.cat\/ceip-santacreu-anglesola\/?p=5677"},"modified":"2023-09-05T10:46:23","modified_gmt":"2023-09-05T08:46:23","slug":"els-oficis-topograf-2","status":"publish","type":"post","link":"https:\/\/agora.xtec.cat\/ceip-santacreu-anglesola\/general\/els-oficis-topograf-2\/","title":{"rendered":"ELS OFICIS: TOP\u00d2GRAF"},"content":{"rendered":"<p>Avui dia 1 de febrer ha vingut en Gerard, el pare del Max d&#8217;I4 a explicar-nos el seu ofici: TOP\u00d2GRAF.<br \/>\nEl seu ofici consisteix en recollir dades cartogr\u00e0fiques, geogr\u00e0fiques i geol\u00f2giques del terreny.<br \/>\nAmb aquestes dades s&#8217;elaboren els pl\u00e0nols i es pot planificar per exemple, per on \u00e9s millor que passi una carretera.<br \/>\nEns ha mostrat un pl\u00e0nol d&#8217;ubicaci\u00f3 , ens ha ensenyat una antena GPS amb la qual comunica via sat\u00e8l\u00b7lit les coordenades d&#8217;un punt i tamb\u00e9 pot saber la dist\u00e0ncia respecte al nivell del mar.<br \/>\nDespr\u00e9s hem sortit al pati amb br\u00faixoles, hem buscat el NORD seguint les indicacions i despr\u00e9s la resta de punts cardinals: SUD, EST i OEST.<br \/>\nFinalment ens hem situat en un punt groc del pati i hem pogut mesurar amb l&#8217;antena GPS l&#8217;altura exacta del terreny respecte el nivell del Mar. En aquest punt est\u00e0vem a 335 metres.<br \/>\nGR\u00c0CIES PER VENIR A EXPLICAR-NOS LA TEVA FEINA GERARD!<\/p>\n<p><img loading=\"lazy\" decoding=\"async\" class=\"alignnone wp-image-5696 size-medium\" src=\"https:\/\/agora.xtec.cat\/ceip-santacreu-anglesola\/wp-content\/uploads\/usu483\/2023\/02\/PUNTS-CARDI1-300x300.jpg\" alt=\"\" width=\"300\" height=\"300\" srcset=\"https:\/\/agora.xtec.cat\/ceip-santacreu-anglesola\/wp-content\/uploads\/usu483\/2023\/02\/PUNTS-CARDI1-300x300.jpg 300w, https:\/\/agora.xtec.cat\/ceip-santacreu-anglesola\/wp-content\/uploads\/usu483\/2023\/02\/PUNTS-CARDI1-150x150.jpg 150w, https:\/\/agora.xtec.cat\/ceip-santacreu-anglesola\/wp-content\/uploads\/usu483\/2023\/02\/PUNTS-CARDI1.jpg 600w\" sizes=\"auto, (max-width: 300px) 100vw, 300px\" \/><\/p>\n<p>&nbsp;<\/p>\n","protected":false},"excerpt":{"rendered":"<p>Avui dia 1 de febrer ha vingut en Gerard, el pare del Max d&#8217;I4 a explicar-nos el seu ofici: TOP\u00d2GRAF.<br \/>\nEl seu ofici consisteix en recollir dades cartogr\u00e0fiques, geogr\u00e0fiques i geol\u00f2giques del terreny.<br \/>\nAmb aquestes dades s&#8217;elaboren els pl\u00e0nols i es pot planificar per exemple, per on&hellip;  <a href=\"https:\/\/agora.xtec.cat\/ceip-santacreu-anglesola\/general\/els-oficis-topograf-2\/\" title=\"Read ELS OFICIS: TOP\u00d2GRAF\">Llegeix m\u00e9s\u00bb<\/a><\/p>\n","protected":false},"author":4,"featured_media":0,"comment_status":"open","ping_status":"closed","sticky":false,"template":"","format":"standard","meta":{"_bbp_topic_count":0,"_bbp_reply_count":0,"_bbp_total_topic_count":0,"_bbp_total_reply_count":0,"_bbp_voice_count":0,"_bbp_anonymous_reply_count":0,"_bbp_topic_count_hidden":0,"_bbp_reply_count_hidden":0,"_bbp_forum_subforum_count":0,"footnotes":""},"categories":[1,4],"tags":[],"class_list":["post-5677","post","type-post","status-publish","format-standard","hentry","category-general","category-portada"],"post_mailing_queue_ids":[],"_links":{"self":[{"href":"https:\/\/agora.xtec.cat\/ceip-santacreu-anglesola\/wp-json\/wp\/v2\/posts\/5677","targetHints":{"allow":["GET"]}}],"collection":[{"href":"https:\/\/agora.xtec.cat\/ceip-santacreu-anglesola\/wp-json\/wp\/v2\/posts"}],"about":[{"href":"https:\/\/agora.xtec.cat\/ceip-santacreu-anglesola\/wp-json\/wp\/v2\/types\/post"}],"author":[{"embeddable":true,"href":"https:\/\/agora.xtec.cat\/ceip-santacreu-anglesola\/wp-json\/wp\/v2\/users\/4"}],"replies":[{"embeddable":true,"href":"https:\/\/agora.xtec.cat\/ceip-santacreu-anglesola\/wp-json\/wp\/v2\/comments?post=5677"}],"version-history":[{"count":3,"href":"https:\/\/agora.xtec.cat\/ceip-santacreu-anglesola\/wp-json\/wp\/v2\/posts\/5677\/revisions"}],"predecessor-version":[{"id":6213,"href":"https:\/\/agora.xtec.cat\/ceip-santacreu-anglesola\/wp-json\/wp\/v2\/posts\/5677\/revisions\/6213"}],"wp:attachment":[{"href":"https:\/\/agora.xtec.cat\/ceip-santacreu-anglesola\/wp-json\/wp\/v2\/media?parent=5677"}],"wp:term":[{"taxonomy":"category","embeddable":true,"href":"https:\/\/agora.xtec.cat\/ceip-santacreu-anglesola\/wp-json\/wp\/v2\/categories?post=5677"},{"taxonomy":"post_tag","embeddable":true,"href":"https:\/\/agora.xtec.cat\/ceip-santacreu-anglesola\/wp-json\/wp\/v2\/tags?post=5677"}],"curies":[{"name":"wp","href":"https:\/\/api.w.org\/{rel}","templated":true}]}}