{"id":5676,"date":"2023-02-01T10:51:18","date_gmt":"2023-02-01T09:51:18","guid":{"rendered":"https:\/\/agora.xtec.cat\/ceip-santacreu-anglesola\/?p=5676"},"modified":"2023-09-05T10:47:07","modified_gmt":"2023-09-05T08:47:07","slug":"taller-creixem-amb-la-musica","status":"publish","type":"post","link":"https:\/\/agora.xtec.cat\/ceip-santacreu-anglesola\/general\/taller-creixem-amb-la-musica\/","title":{"rendered":"TALLER &#8220;CREIXEM AMB LA M\u00daSICA&#8221;"},"content":{"rendered":"<p>El passat dilluns dia 30 de gener, els alumnes d&#8217; I3 i I4, vam tenir la sort de poder realitzar el taller &#8220;Creixem amb la m\u00fasica&#8221; dins el marc del Pla de Suport a l&#8217;Educaci\u00f3 del Consell Comarcal impartit per Anna Roig. Es tracta d&#8217;un taller d\u2019estimulaci\u00f3 musical i sensorial.<\/p>\n<p>L&#8217;alumnat vam gaudir una bona estona de la m\u00fasica, la dansa i la relaxaci\u00f3. Gr\u00e0cies Anna, ha estat un plaer compartir una estona amb tu!<\/p>\n<p>CLIQUEU LA IMATGE PER VEURE LES FOTOGRAFIES DE L&#8217;ACTIVITAT<\/p>\n<p><img decoding=\"async\" class=\"aligncenter\" src=\"https:\/\/media.istockphoto.com\/id\/1320186474\/es\/vector\/notas-musicales-con-curvas-y-remolinos.jpg?s=612x612&amp;w=0&amp;k=20&amp;c=HaVIAPKs23rFSQfqEWhIZEce188-1dHLml8TX8qWeE8=\" alt=\"M\u00fasica - Banco de fotos e im\u00e1genes de stock - iStock\" \/><\/p>\n","protected":false},"excerpt":{"rendered":"<p>El passat dilluns dia 30 de gener, els alumnes d&#8217; I3 i I4, vam tenir la sort de poder realitzar el taller &#8220;Creixem amb la m\u00fasica&#8221; dins el marc del Pla de Suport a l&#8217;Educaci\u00f3 del Consell Comarcal impartit per Anna Roig. Es tracta d&#8217;un&hellip;  <a href=\"https:\/\/agora.xtec.cat\/ceip-santacreu-anglesola\/general\/taller-creixem-amb-la-musica\/\" title=\"Read TALLER &#8220;CREIXEM AMB LA M\u00daSICA&#8221;\">Llegeix m\u00e9s\u00bb<\/a><\/p>\n","protected":false},"author":24,"featured_media":0,"comment_status":"open","ping_status":"closed","sticky":false,"template":"","format":"standard","meta":{"_bbp_topic_count":0,"_bbp_reply_count":0,"_bbp_total_topic_count":0,"_bbp_total_reply_count":0,"_bbp_voice_count":0,"_bbp_anonymous_reply_count":0,"_bbp_topic_count_hidden":0,"_bbp_reply_count_hidden":0,"_bbp_forum_subforum_count":0,"footnotes":""},"categories":[1,4],"tags":[],"class_list":["post-5676","post","type-post","status-publish","format-standard","hentry","category-general","category-portada"],"post_mailing_queue_ids":[],"_links":{"self":[{"href":"https:\/\/agora.xtec.cat\/ceip-santacreu-anglesola\/wp-json\/wp\/v2\/posts\/5676","targetHints":{"allow":["GET"]}}],"collection":[{"href":"https:\/\/agora.xtec.cat\/ceip-santacreu-anglesola\/wp-json\/wp\/v2\/posts"}],"about":[{"href":"https:\/\/agora.xtec.cat\/ceip-santacreu-anglesola\/wp-json\/wp\/v2\/types\/post"}],"author":[{"embeddable":true,"href":"https:\/\/agora.xtec.cat\/ceip-santacreu-anglesola\/wp-json\/wp\/v2\/users\/24"}],"replies":[{"embeddable":true,"href":"https:\/\/agora.xtec.cat\/ceip-santacreu-anglesola\/wp-json\/wp\/v2\/comments?post=5676"}],"version-history":[{"count":4,"href":"https:\/\/agora.xtec.cat\/ceip-santacreu-anglesola\/wp-json\/wp\/v2\/posts\/5676\/revisions"}],"predecessor-version":[{"id":6215,"href":"https:\/\/agora.xtec.cat\/ceip-santacreu-anglesola\/wp-json\/wp\/v2\/posts\/5676\/revisions\/6215"}],"wp:attachment":[{"href":"https:\/\/agora.xtec.cat\/ceip-santacreu-anglesola\/wp-json\/wp\/v2\/media?parent=5676"}],"wp:term":[{"taxonomy":"category","embeddable":true,"href":"https:\/\/agora.xtec.cat\/ceip-santacreu-anglesola\/wp-json\/wp\/v2\/categories?post=5676"},{"taxonomy":"post_tag","embeddable":true,"href":"https:\/\/agora.xtec.cat\/ceip-santacreu-anglesola\/wp-json\/wp\/v2\/tags?post=5676"}],"curies":[{"name":"wp","href":"https:\/\/api.w.org\/{rel}","templated":true}]}}