{"id":5660,"date":"2023-01-31T13:57:24","date_gmt":"2023-01-31T12:57:24","guid":{"rendered":"https:\/\/agora.xtec.cat\/ceip-santacreu-anglesola\/?p=5660"},"modified":"2023-09-05T10:47:25","modified_gmt":"2023-09-05T08:47:25","slug":"ambients-a-educacio-infantil","status":"publish","type":"post","link":"https:\/\/agora.xtec.cat\/ceip-santacreu-anglesola\/general\/ambients-a-educacio-infantil\/","title":{"rendered":"AMBIENTS A EDUCACI\u00d3 INFANTIL"},"content":{"rendered":"<p>A Educaci\u00f3 Infantil, les tardes de dilluns i dijous, s&#8217;organitzen per ambients. Els ambients s\u00f3n espais de relaci\u00f3, comunicaci\u00f3 i d&#8217;experi\u00e8ncia activa, on els infants interactuen amb la resta d&#8217;alumnat del cicle.<\/p>\n<p>Els ambients d&#8217;enguany s\u00f3n els seg\u00fcents:<\/p>\n<p>Dilluns: art, sensorial, grafisme.<\/p>\n<p>Dijous: experimentaci\u00f3, cient\u00edfic, expressi\u00f3.<\/p>\n<p>CLIQUEU DAMUNT LA IMATGE PER VEURE ELS AMBIENTS DE DILLUNS<\/p>\n<p><img loading=\"lazy\" decoding=\"async\" class=\"aligncenter\" src=\"https:\/\/lh3.googleusercontent.com\/pw\/AMWts8BVtS5mHje0hh9c_aXFOzIYWuJw0WnRSZB4raDTkcBwVLCZuhAhVf046N3StR-bGqwfLX1qXiBaf29Lpj1L33i3Mm15SnmFexMeZJQJfNC6XpTcYzDy9Dq45LlxyBd7euDdkUtv_LD9W6TAouJzkm2qog=w1200-h900-no?authuser=0\" alt=\"\" width=\"600\" height=\"450\" \/><\/p>\n<p>&nbsp;<\/p>\n<p>CLIQUEU DAMUNT LA IMATGE PER VEURE ELS AMBIENTS DE DIJOUS<\/p>\n<p><a href=\"https:\/\/agora.xtec.cat\/ceip-santacreu-anglesola\/?p=5665&amp;preview=true\"><img loading=\"lazy\" decoding=\"async\" class=\"aligncenter\" src=\"https:\/\/lh3.googleusercontent.com\/pw\/AMWts8BbGyxpViPkTL8DBtyBahj9DU9FzgXwtHnxIVPK0yTDhhUVRhgQG7JKe32QVhkhR-Hsk5DnkJ75vkH4Xlx17wssrxDoVWQw2XLDzfnZ_9Ig0jZ_ioBPVenkVp1-dFTT8AmtUYOw-br9JCbwl3ob2_hEaA=w678-h900-no?authuser=0\" alt=\"\" width=\"600\" height=\"796\" \/><\/a><\/p>\n<p>&nbsp;<\/p>\n","protected":false},"excerpt":{"rendered":"<p>A Educaci\u00f3 Infantil, les tardes de dilluns i dijous, s&#8217;organitzen per ambients. Els ambients s\u00f3n espais de relaci\u00f3, comunicaci\u00f3 i d&#8217;experi\u00e8ncia activa, on els infants interactuen amb la resta d&#8217;alumnat del cicle.<br \/>\nEls ambients d&#8217;enguany s\u00f3n els seg\u00fcents:<br \/>\nDilluns: art, sensorial, grafisme.<br \/>\nDijous: experimentaci\u00f3, cient\u00edfic, expressi\u00f3.<br \/>\nCLIQUEU DAMUNT LA&hellip;  <a href=\"https:\/\/agora.xtec.cat\/ceip-santacreu-anglesola\/general\/ambients-a-educacio-infantil\/\" title=\"Read AMBIENTS A EDUCACI\u00d3 INFANTIL\">Llegeix m\u00e9s\u00bb<\/a><\/p>\n","protected":false},"author":24,"featured_media":0,"comment_status":"open","ping_status":"closed","sticky":false,"template":"","format":"standard","meta":{"_bbp_topic_count":0,"_bbp_reply_count":0,"_bbp_total_topic_count":0,"_bbp_total_reply_count":0,"_bbp_voice_count":0,"_bbp_anonymous_reply_count":0,"_bbp_topic_count_hidden":0,"_bbp_reply_count_hidden":0,"_bbp_forum_subforum_count":0,"footnotes":""},"categories":[1,4],"tags":[],"class_list":["post-5660","post","type-post","status-publish","format-standard","hentry","category-general","category-portada"],"post_mailing_queue_ids":[],"_links":{"self":[{"href":"https:\/\/agora.xtec.cat\/ceip-santacreu-anglesola\/wp-json\/wp\/v2\/posts\/5660","targetHints":{"allow":["GET"]}}],"collection":[{"href":"https:\/\/agora.xtec.cat\/ceip-santacreu-anglesola\/wp-json\/wp\/v2\/posts"}],"about":[{"href":"https:\/\/agora.xtec.cat\/ceip-santacreu-anglesola\/wp-json\/wp\/v2\/types\/post"}],"author":[{"embeddable":true,"href":"https:\/\/agora.xtec.cat\/ceip-santacreu-anglesola\/wp-json\/wp\/v2\/users\/24"}],"replies":[{"embeddable":true,"href":"https:\/\/agora.xtec.cat\/ceip-santacreu-anglesola\/wp-json\/wp\/v2\/comments?post=5660"}],"version-history":[{"count":4,"href":"https:\/\/agora.xtec.cat\/ceip-santacreu-anglesola\/wp-json\/wp\/v2\/posts\/5660\/revisions"}],"predecessor-version":[{"id":6216,"href":"https:\/\/agora.xtec.cat\/ceip-santacreu-anglesola\/wp-json\/wp\/v2\/posts\/5660\/revisions\/6216"}],"wp:attachment":[{"href":"https:\/\/agora.xtec.cat\/ceip-santacreu-anglesola\/wp-json\/wp\/v2\/media?parent=5660"}],"wp:term":[{"taxonomy":"category","embeddable":true,"href":"https:\/\/agora.xtec.cat\/ceip-santacreu-anglesola\/wp-json\/wp\/v2\/categories?post=5660"},{"taxonomy":"post_tag","embeddable":true,"href":"https:\/\/agora.xtec.cat\/ceip-santacreu-anglesola\/wp-json\/wp\/v2\/tags?post=5660"}],"curies":[{"name":"wp","href":"https:\/\/api.w.org\/{rel}","templated":true}]}}