{"id":5644,"date":"2023-01-30T19:10:00","date_gmt":"2023-01-30T18:10:00","guid":{"rendered":"https:\/\/agora.xtec.cat\/ceip-santacreu-anglesola\/?p=5644"},"modified":"2023-09-05T10:47:49","modified_gmt":"2023-09-05T08:47:49","slug":"denip-a-lescola","status":"publish","type":"post","link":"https:\/\/agora.xtec.cat\/ceip-santacreu-anglesola\/general\/denip-a-lescola\/","title":{"rendered":"DENIP a l&#8217;escola"},"content":{"rendered":"<p><strong>I tu qu\u00e8 proposes per viure en\u00a0Pau?<\/strong> Aquest ha estat el tret de sortida per comen\u00e7ar a parlar sobre els conflictes i com podem fer un m\u00f3n de pau. No volem que el 30 de gener es converteixi en un sol dia on ser conscients de la import\u00e0ncia de viure en un entorn sense viol\u00e8ncia. Hem pensat quins gestos i quines paraules han de formar part del nostre dia a dia per construir aquesta vida de pau que necessitem.<\/p>\n<p>L&#8217;escola Santa Creu canvia el DENIP (Dia Escolar de la No viol\u00e8ncia i Pau) i <strong>VENIP<\/strong> (Vida Escolar de la No Viol\u00e8ncia i Pau)<\/p>\n<p>A la tarda hem acabat tot sortint al pati. Els de 6\u00e8 han llegit el manifest que han escrit i cada curs ha explicat quin \u00e9s el gest al qual la seva classe es compromet per fer de l&#8217;escola un lloc de pau.<br \/>\nFinalment hem cantat tots junts la can\u00e7\u00f3 &#8220;Mirall de Pau&#8221;.<\/p>\n<p>Us animem a aconseguir el nostre repte!<\/p>\n<p style=\"text-align: center;\">CLICA PER VEURE L&#8217;ARTICLE RESTRINGIT<strong><img loading=\"lazy\" decoding=\"async\" class=\"aligncenter wp-image-5646\" src=\"https:\/\/agora.xtec.cat\/ceip-santacreu-anglesola\/wp-content\/uploads\/usu483\/2023\/01\/IMG-20230130-WA0005-300x73.jpg\" alt=\"\" width=\"399\" height=\"97\" srcset=\"https:\/\/agora.xtec.cat\/ceip-santacreu-anglesola\/wp-content\/uploads\/usu483\/2023\/01\/IMG-20230130-WA0005-300x73.jpg 300w, https:\/\/agora.xtec.cat\/ceip-santacreu-anglesola\/wp-content\/uploads\/usu483\/2023\/01\/IMG-20230130-WA0005-1024x248.jpg 1024w, https:\/\/agora.xtec.cat\/ceip-santacreu-anglesola\/wp-content\/uploads\/usu483\/2023\/01\/IMG-20230130-WA0005-768x186.jpg 768w, https:\/\/agora.xtec.cat\/ceip-santacreu-anglesola\/wp-content\/uploads\/usu483\/2023\/01\/IMG-20230130-WA0005-1536x372.jpg 1536w, https:\/\/agora.xtec.cat\/ceip-santacreu-anglesola\/wp-content\/uploads\/usu483\/2023\/01\/IMG-20230130-WA0005.jpg 1592w\" sizes=\"auto, (max-width: 399px) 100vw, 399px\" \/><\/strong><\/p>\n<p style=\"text-align: center;\"><strong>MANIFEST PEL DIA DE LA PAU<\/strong><\/p>\n<p>Un any m\u00e9s, dia 30 de gener ens tornem a reunir tots i totes les que formem part de l\u2019Escola Santa Creu per aportar el nostre granet de sorra i poder viure en un m\u00f3n millor. Un m\u00f3n on regni el respecte, la toler\u00e0ncia, l\u2019empatia, l\u2019amabilitat, en definitiva, LA PAU.<\/p>\n<p>\u00c9s moment de pensar amb totes les persones que es veuen afectades per les guerres que actualment hi ha arreu del m\u00f3n. Ens volem solidaritzar amb totes les fam\u00edlies que han hagut d\u2019abandonar el seu pa\u00eds i deixar enrere casa seva.<\/p>\n<p>La viol\u00e8ncia pot ser de molts tipus: insults, baralles, burles, discriminacions per q\u00fcesti\u00f3 de ra\u00e7a, religi\u00f3, per pensar diferent dels altres o per viol\u00e8ncia de g\u00e8nere. Aquestes difer\u00e8ncies ens porten a les faltes de respecte, pors, inseguretats, frustracions i injust\u00edcies.<\/p>\n<p>Des d\u2019aqu\u00ed condemnem tots aquests tipus de viol\u00e8ncia i volem conscienciar-vos de qu\u00e8 no nom\u00e9s avui hem de celebrar el dia de la Pau sin\u00f3 que ho hem de fer els 365 dies de l\u2019any.<\/p>\n<p>Tots junts diem NO a la viol\u00e8ncia, i recordeu, les armes ben lluny de les persones.<\/p>\n<p>&nbsp;<\/p>\n<p>&nbsp;<\/p>\n<p>&nbsp;<\/p>\n","protected":false},"excerpt":{"rendered":"<p>I tu qu\u00e8 proposes per viure en\u00a0Pau? Aquest ha estat el tret de sortida per comen\u00e7ar a parlar sobre els conflictes i com podem fer un m\u00f3n de pau. No volem que el 30 de gener es converteixi en un sol dia on ser conscients&hellip;  <a href=\"https:\/\/agora.xtec.cat\/ceip-santacreu-anglesola\/general\/denip-a-lescola\/\" title=\"Read DENIP a l&#8217;escola\">Llegeix m\u00e9s\u00bb<\/a><\/p>\n","protected":false},"author":1,"featured_media":0,"comment_status":"open","ping_status":"closed","sticky":false,"template":"","format":"standard","meta":{"_bbp_topic_count":0,"_bbp_reply_count":0,"_bbp_total_topic_count":0,"_bbp_total_reply_count":0,"_bbp_voice_count":0,"_bbp_anonymous_reply_count":0,"_bbp_topic_count_hidden":0,"_bbp_reply_count_hidden":0,"_bbp_forum_subforum_count":0,"footnotes":""},"categories":[1,4],"tags":[],"class_list":["post-5644","post","type-post","status-publish","format-standard","hentry","category-general","category-portada"],"post_mailing_queue_ids":[],"_links":{"self":[{"href":"https:\/\/agora.xtec.cat\/ceip-santacreu-anglesola\/wp-json\/wp\/v2\/posts\/5644","targetHints":{"allow":["GET"]}}],"collection":[{"href":"https:\/\/agora.xtec.cat\/ceip-santacreu-anglesola\/wp-json\/wp\/v2\/posts"}],"about":[{"href":"https:\/\/agora.xtec.cat\/ceip-santacreu-anglesola\/wp-json\/wp\/v2\/types\/post"}],"author":[{"embeddable":true,"href":"https:\/\/agora.xtec.cat\/ceip-santacreu-anglesola\/wp-json\/wp\/v2\/users\/1"}],"replies":[{"embeddable":true,"href":"https:\/\/agora.xtec.cat\/ceip-santacreu-anglesola\/wp-json\/wp\/v2\/comments?post=5644"}],"version-history":[{"count":3,"href":"https:\/\/agora.xtec.cat\/ceip-santacreu-anglesola\/wp-json\/wp\/v2\/posts\/5644\/revisions"}],"predecessor-version":[{"id":6217,"href":"https:\/\/agora.xtec.cat\/ceip-santacreu-anglesola\/wp-json\/wp\/v2\/posts\/5644\/revisions\/6217"}],"wp:attachment":[{"href":"https:\/\/agora.xtec.cat\/ceip-santacreu-anglesola\/wp-json\/wp\/v2\/media?parent=5644"}],"wp:term":[{"taxonomy":"category","embeddable":true,"href":"https:\/\/agora.xtec.cat\/ceip-santacreu-anglesola\/wp-json\/wp\/v2\/categories?post=5644"},{"taxonomy":"post_tag","embeddable":true,"href":"https:\/\/agora.xtec.cat\/ceip-santacreu-anglesola\/wp-json\/wp\/v2\/tags?post=5644"}],"curies":[{"name":"wp","href":"https:\/\/api.w.org\/{rel}","templated":true}]}}