{"id":5642,"date":"2023-02-01T11:16:09","date_gmt":"2023-02-01T10:16:09","guid":{"rendered":"https:\/\/agora.xtec.cat\/ceip-santacreu-anglesola\/?p=5642"},"modified":"2023-09-05T10:46:44","modified_gmt":"2023-09-05T08:46:44","slug":"els-oficis-higienista-dental-2","status":"publish","type":"post","link":"https:\/\/agora.xtec.cat\/ceip-santacreu-anglesola\/general\/els-oficis-higienista-dental-2\/","title":{"rendered":"ELS OFICIS: Higienista dental"},"content":{"rendered":"<p>El passat dilluns 23 de gener, la Gemma, mare del Pol i de la Gala va venir a fer un taller d&#8217;Higiene dental.<br \/>\nEns va parlar de l&#8217;alimentaci\u00f3, remarcant molt que no s&#8217;ha de menjar llaminadures.<br \/>\nEns va explicar que \u00e9s molt important raspallar-se les dents despr\u00e9s d&#8217;esmorzar, de dinar i sobretot despr\u00e9s de sopar.<br \/>\nAmb unes dents i un raspall molt grans ens va ensenyar com cal fer el raspallat correctament: Les dents de dalt es raspallen cap a baix i les de baix es raspallen cap a dalt. Cal fer ben a fons els queixals que \u00e9s on es queda m\u00e9s menjar i finalment cal raspallar la llengua.<br \/>\nEns va explicar que no s&#8217;ha de posar tot el raspall ple de pasta, nom\u00e9s la mida mica com la mida d&#8217;una llentia.<br \/>\nEns va fer dos regalets: un raspall de dents i un tub de pasta i un petit ratol\u00ed que \u00e9s una capseta per guardar les dents quan ens caiguin.<\/p>\n<p>MOLTES GR\u00c0CIES PER VENIR GEMMA!<\/p>\n<p><img loading=\"lazy\" decoding=\"async\" class=\"alignnone wp-image-5690\" src=\"https:\/\/agora.xtec.cat\/ceip-santacreu-anglesola\/wp-content\/uploads\/usu483\/2023\/01\/raspall-300x137.jpg\" alt=\"\" width=\"370\" height=\"169\" srcset=\"https:\/\/agora.xtec.cat\/ceip-santacreu-anglesola\/wp-content\/uploads\/usu483\/2023\/01\/raspall-300x137.jpg 300w, https:\/\/agora.xtec.cat\/ceip-santacreu-anglesola\/wp-content\/uploads\/usu483\/2023\/01\/raspall-768x351.jpg 768w, https:\/\/agora.xtec.cat\/ceip-santacreu-anglesola\/wp-content\/uploads\/usu483\/2023\/01\/raspall.jpg 970w\" sizes=\"auto, (max-width: 370px) 100vw, 370px\" \/><\/p>\n","protected":false},"excerpt":{"rendered":"<p>El passat dilluns 23 de gener, la Gemma, mare del Pol i de la Gala va venir a fer un taller d&#8217;Higiene dental.<br \/>\nEns va parlar de l&#8217;alimentaci\u00f3, remarcant molt que no s&#8217;ha de menjar llaminadures.<br \/>\nEns va explicar que \u00e9s molt important raspallar-se les dents despr\u00e9s&hellip;  <a href=\"https:\/\/agora.xtec.cat\/ceip-santacreu-anglesola\/general\/els-oficis-higienista-dental-2\/\" title=\"Read ELS OFICIS: Higienista dental\">Llegeix m\u00e9s\u00bb<\/a><\/p>\n","protected":false},"author":1,"featured_media":0,"comment_status":"open","ping_status":"closed","sticky":false,"template":"","format":"standard","meta":{"_bbp_topic_count":0,"_bbp_reply_count":0,"_bbp_total_topic_count":0,"_bbp_total_reply_count":0,"_bbp_voice_count":0,"_bbp_anonymous_reply_count":0,"_bbp_topic_count_hidden":0,"_bbp_reply_count_hidden":0,"_bbp_forum_subforum_count":0,"footnotes":""},"categories":[1,4],"tags":[],"class_list":["post-5642","post","type-post","status-publish","format-standard","hentry","category-general","category-portada"],"post_mailing_queue_ids":[],"_links":{"self":[{"href":"https:\/\/agora.xtec.cat\/ceip-santacreu-anglesola\/wp-json\/wp\/v2\/posts\/5642","targetHints":{"allow":["GET"]}}],"collection":[{"href":"https:\/\/agora.xtec.cat\/ceip-santacreu-anglesola\/wp-json\/wp\/v2\/posts"}],"about":[{"href":"https:\/\/agora.xtec.cat\/ceip-santacreu-anglesola\/wp-json\/wp\/v2\/types\/post"}],"author":[{"embeddable":true,"href":"https:\/\/agora.xtec.cat\/ceip-santacreu-anglesola\/wp-json\/wp\/v2\/users\/1"}],"replies":[{"embeddable":true,"href":"https:\/\/agora.xtec.cat\/ceip-santacreu-anglesola\/wp-json\/wp\/v2\/comments?post=5642"}],"version-history":[{"count":3,"href":"https:\/\/agora.xtec.cat\/ceip-santacreu-anglesola\/wp-json\/wp\/v2\/posts\/5642\/revisions"}],"predecessor-version":[{"id":6214,"href":"https:\/\/agora.xtec.cat\/ceip-santacreu-anglesola\/wp-json\/wp\/v2\/posts\/5642\/revisions\/6214"}],"wp:attachment":[{"href":"https:\/\/agora.xtec.cat\/ceip-santacreu-anglesola\/wp-json\/wp\/v2\/media?parent=5642"}],"wp:term":[{"taxonomy":"category","embeddable":true,"href":"https:\/\/agora.xtec.cat\/ceip-santacreu-anglesola\/wp-json\/wp\/v2\/categories?post=5642"},{"taxonomy":"post_tag","embeddable":true,"href":"https:\/\/agora.xtec.cat\/ceip-santacreu-anglesola\/wp-json\/wp\/v2\/tags?post=5642"}],"curies":[{"name":"wp","href":"https:\/\/api.w.org\/{rel}","templated":true}]}}