{"id":5613,"date":"2023-01-24T08:30:16","date_gmt":"2023-01-24T07:30:16","guid":{"rendered":"https:\/\/agora.xtec.cat\/ceip-santacreu-anglesola\/?p=5613"},"modified":"2023-09-05T10:49:21","modified_gmt":"2023-09-05T08:49:21","slug":"visita-fusteria-franquesa","status":"publish","type":"post","link":"https:\/\/agora.xtec.cat\/ceip-santacreu-anglesola\/general\/visita-fusteria-franquesa\/","title":{"rendered":"Visita Fusteria Franquesa"},"content":{"rendered":"<p>El passat dia 5 de desembre, l&#8217;alumnat d&#8217;Educaci\u00f3 Infantil, vam anar de visita a la fusteria Franquesa dins el marc del projecte dels oficis. El Xavier, pare de la Lara d&#8217; I5 i de l&#8217;\u00c8ric d&#8217; I3, ens va explicar en qu\u00e8 consistia el seu ofici: Fuster.<\/p>\n<p>Ens va ensenyar moltes eines que utilitza, claus, tornav\u00eds&#8230;i el m\u00e9s important per un fuster: la cinta m\u00e8trica i el llapis!!!<\/p>\n<p>Tamb\u00e9 ens van explicar el funcionament de les m\u00e0quines que tenen al taller, que els ajuden molt al seu dia a dia.<\/p>\n<p>Ens van regalar una fusteta amb el nom de cada nen i nena, i una per l&#8217;escola. Moltes gr\u00e0cies Xavier i fam\u00edlia, us estem molt agra\u00efdes. Per \u00faltim, ens va ensenyar el cami\u00f3 amb el que serveixen els enc\u00e0rrecs que els hi han fet.<\/p>\n<p>Feu clic a la foto per veure les imatges:<\/p>\n<p><img loading=\"lazy\" decoding=\"async\" class=\"alignnone wp-image-5617 size-full\" src=\"https:\/\/agora.xtec.cat\/ceip-santacreu-anglesola\/wp-content\/uploads\/usu483\/2023\/01\/baixa.jpg\" alt=\"\" width=\"268\" height=\"188\" \/><\/p>\n","protected":false},"excerpt":{"rendered":"<p>El passat dia 5 de desembre, l&#8217;alumnat d&#8217;Educaci\u00f3 Infantil, vam anar de visita a la fusteria Franquesa dins el marc del projecte dels oficis. El Xavier, pare de la Lara d&#8217; I5 i de l&#8217;\u00c8ric d&#8217; I3, ens va explicar en qu\u00e8 consistia el seu&hellip;  <a href=\"https:\/\/agora.xtec.cat\/ceip-santacreu-anglesola\/general\/visita-fusteria-franquesa\/\" title=\"Read Visita Fusteria Franquesa\">Llegeix m\u00e9s\u00bb<\/a><\/p>\n","protected":false},"author":24,"featured_media":0,"comment_status":"open","ping_status":"closed","sticky":false,"template":"","format":"standard","meta":{"_bbp_topic_count":0,"_bbp_reply_count":0,"_bbp_total_topic_count":0,"_bbp_total_reply_count":0,"_bbp_voice_count":0,"_bbp_anonymous_reply_count":0,"_bbp_topic_count_hidden":0,"_bbp_reply_count_hidden":0,"_bbp_forum_subforum_count":0,"footnotes":""},"categories":[1,4],"tags":[],"class_list":["post-5613","post","type-post","status-publish","format-standard","hentry","category-general","category-portada"],"post_mailing_queue_ids":[],"_links":{"self":[{"href":"https:\/\/agora.xtec.cat\/ceip-santacreu-anglesola\/wp-json\/wp\/v2\/posts\/5613","targetHints":{"allow":["GET"]}}],"collection":[{"href":"https:\/\/agora.xtec.cat\/ceip-santacreu-anglesola\/wp-json\/wp\/v2\/posts"}],"about":[{"href":"https:\/\/agora.xtec.cat\/ceip-santacreu-anglesola\/wp-json\/wp\/v2\/types\/post"}],"author":[{"embeddable":true,"href":"https:\/\/agora.xtec.cat\/ceip-santacreu-anglesola\/wp-json\/wp\/v2\/users\/24"}],"replies":[{"embeddable":true,"href":"https:\/\/agora.xtec.cat\/ceip-santacreu-anglesola\/wp-json\/wp\/v2\/comments?post=5613"}],"version-history":[{"count":3,"href":"https:\/\/agora.xtec.cat\/ceip-santacreu-anglesola\/wp-json\/wp\/v2\/posts\/5613\/revisions"}],"predecessor-version":[{"id":6219,"href":"https:\/\/agora.xtec.cat\/ceip-santacreu-anglesola\/wp-json\/wp\/v2\/posts\/5613\/revisions\/6219"}],"wp:attachment":[{"href":"https:\/\/agora.xtec.cat\/ceip-santacreu-anglesola\/wp-json\/wp\/v2\/media?parent=5613"}],"wp:term":[{"taxonomy":"category","embeddable":true,"href":"https:\/\/agora.xtec.cat\/ceip-santacreu-anglesola\/wp-json\/wp\/v2\/categories?post=5613"},{"taxonomy":"post_tag","embeddable":true,"href":"https:\/\/agora.xtec.cat\/ceip-santacreu-anglesola\/wp-json\/wp\/v2\/tags?post=5613"}],"curies":[{"name":"wp","href":"https:\/\/api.w.org\/{rel}","templated":true}]}}