{"id":5596,"date":"2023-01-09T10:33:32","date_gmt":"2023-01-09T09:33:32","guid":{"rendered":"https:\/\/agora.xtec.cat\/ceip-santacreu-anglesola\/?p=5596"},"modified":"2023-09-05T10:50:09","modified_gmt":"2023-09-05T08:50:09","slug":"nadal-2023","status":"publish","type":"post","link":"https:\/\/agora.xtec.cat\/ceip-santacreu-anglesola\/general\/nadal-2023\/","title":{"rendered":"Nadal 2023"},"content":{"rendered":"<p>El passat dimecres 21 de desembre de 2022, darrer dia de Trimestre, es va fer el Festival de Nadal al poliesportiu d&#8217;Anglesola. Despr\u00e9s de fer cagar el Ti\u00f3, els nens i nenes de l&#8217;escola Santa Creu ens van fer gaudir amb can\u00e7ons de Nadal tradicionals i noves. Agra\u00efm la col\u00b7laboraci\u00f3 i la participaci\u00f3 de totes les persones que van ajudar a preparar l&#8217;espai que hi van assistir.<\/p>\n<p>Feu clic a la fotografia per veure&#8217;n els v\u00eddeos.<\/p>\n<p><img loading=\"lazy\" decoding=\"async\" class=\"alignnone size-medium wp-image-5598\" src=\"https:\/\/agora.xtec.cat\/ceip-santacreu-anglesola\/wp-content\/uploads\/usu483\/2023\/01\/kids-playing-music-and-sing-vector-19893517-1-300x225.jpg\" alt=\"\" width=\"300\" height=\"225\" srcset=\"https:\/\/agora.xtec.cat\/ceip-santacreu-anglesola\/wp-content\/uploads\/usu483\/2023\/01\/kids-playing-music-and-sing-vector-19893517-1-300x225.jpg 300w, https:\/\/agora.xtec.cat\/ceip-santacreu-anglesola\/wp-content\/uploads\/usu483\/2023\/01\/kids-playing-music-and-sing-vector-19893517-1-768x577.jpg 768w, https:\/\/agora.xtec.cat\/ceip-santacreu-anglesola\/wp-content\/uploads\/usu483\/2023\/01\/kids-playing-music-and-sing-vector-19893517-1-200x150.jpg 200w, https:\/\/agora.xtec.cat\/ceip-santacreu-anglesola\/wp-content\/uploads\/usu483\/2023\/01\/kids-playing-music-and-sing-vector-19893517-1.jpg 1000w\" sizes=\"auto, (max-width: 300px) 100vw, 300px\" \/><\/p>\n","protected":false},"excerpt":{"rendered":"<p>El passat dimecres 21 de desembre de 2022, darrer dia de Trimestre, es va fer el Festival de Nadal al poliesportiu d&#8217;Anglesola. Despr\u00e9s de fer cagar el Ti\u00f3, els nens i nenes de l&#8217;escola Santa Creu ens van fer gaudir amb can\u00e7ons de Nadal tradicionals&hellip;  <a href=\"https:\/\/agora.xtec.cat\/ceip-santacreu-anglesola\/general\/nadal-2023\/\" title=\"Read Nadal 2023\">Llegeix m\u00e9s\u00bb<\/a><\/p>\n","protected":false},"author":1,"featured_media":0,"comment_status":"open","ping_status":"closed","sticky":false,"template":"","format":"standard","meta":{"_bbp_topic_count":0,"_bbp_reply_count":0,"_bbp_total_topic_count":0,"_bbp_total_reply_count":0,"_bbp_voice_count":0,"_bbp_anonymous_reply_count":0,"_bbp_topic_count_hidden":0,"_bbp_reply_count_hidden":0,"_bbp_forum_subforum_count":0,"footnotes":""},"categories":[1,4],"tags":[],"class_list":["post-5596","post","type-post","status-publish","format-standard","hentry","category-general","category-portada"],"post_mailing_queue_ids":[],"_links":{"self":[{"href":"https:\/\/agora.xtec.cat\/ceip-santacreu-anglesola\/wp-json\/wp\/v2\/posts\/5596","targetHints":{"allow":["GET"]}}],"collection":[{"href":"https:\/\/agora.xtec.cat\/ceip-santacreu-anglesola\/wp-json\/wp\/v2\/posts"}],"about":[{"href":"https:\/\/agora.xtec.cat\/ceip-santacreu-anglesola\/wp-json\/wp\/v2\/types\/post"}],"author":[{"embeddable":true,"href":"https:\/\/agora.xtec.cat\/ceip-santacreu-anglesola\/wp-json\/wp\/v2\/users\/1"}],"replies":[{"embeddable":true,"href":"https:\/\/agora.xtec.cat\/ceip-santacreu-anglesola\/wp-json\/wp\/v2\/comments?post=5596"}],"version-history":[{"count":3,"href":"https:\/\/agora.xtec.cat\/ceip-santacreu-anglesola\/wp-json\/wp\/v2\/posts\/5596\/revisions"}],"predecessor-version":[{"id":6222,"href":"https:\/\/agora.xtec.cat\/ceip-santacreu-anglesola\/wp-json\/wp\/v2\/posts\/5596\/revisions\/6222"}],"wp:attachment":[{"href":"https:\/\/agora.xtec.cat\/ceip-santacreu-anglesola\/wp-json\/wp\/v2\/media?parent=5596"}],"wp:term":[{"taxonomy":"category","embeddable":true,"href":"https:\/\/agora.xtec.cat\/ceip-santacreu-anglesola\/wp-json\/wp\/v2\/categories?post=5596"},{"taxonomy":"post_tag","embeddable":true,"href":"https:\/\/agora.xtec.cat\/ceip-santacreu-anglesola\/wp-json\/wp\/v2\/tags?post=5596"}],"curies":[{"name":"wp","href":"https:\/\/api.w.org\/{rel}","templated":true}]}}