{"id":5594,"date":"2023-01-20T12:11:53","date_gmt":"2023-01-20T11:11:53","guid":{"rendered":"https:\/\/agora.xtec.cat\/ceip-santacreu-anglesola\/?p=5594"},"modified":"2023-01-20T12:12:13","modified_gmt":"2023-01-20T11:12:13","slug":"sobre-la-sobreproteccio-i-sobre-jugar-a-laire-lliure","status":"publish","type":"post","link":"https:\/\/agora.xtec.cat\/ceip-santacreu-anglesola\/general\/sobre-la-sobreproteccio-i-sobre-jugar-a-laire-lliure\/","title":{"rendered":"Sobre la sobreprotecci\u00f3 i sobre jugar a l&#8217;aire lliure"},"content":{"rendered":"<p>En el primer article, la Dra. Anna Estap\u00e9 ens parla dels mites de jugar a l&#8217;aire lliure a l&#8217;hivern i de com abrigar els infants perqu\u00e8 tot i el fred puguin jugar en un espai a l&#8217;aire lliure.<\/p>\n<p><a href=\"https:\/\/www.criar.cat\/noticia\/186\/si-nens-nenes-poden-jugar-aire-lliure-hivern\">https:\/\/www.criar.cat\/noticia\/186\/si-nens-nenes-poden-jugar-aire-lliure-hivern<\/a><\/p>\n<p>El segon article ens parla de la difer\u00e8ncia entre &#8220;crian\u00e7a respectuosa&#8221; i &#8220;sobreprotecci\u00f3.<\/p>\n<p><a href=\"https:\/\/www.criar.cat\/noticia\/1636\/crianca-respectuosa-sobreprotegir\">https:\/\/www.criar.cat\/noticia\/1636\/crianca-respectuosa-sobreprotegir<\/a><\/p>\n<p>&nbsp;<\/p>\n","protected":false},"excerpt":{"rendered":"<p>En el primer article, la Dra. Anna Estap\u00e9 ens parla dels mites de jugar a l&#8217;aire lliure a l&#8217;hivern i de com abrigar els infants perqu\u00e8 tot i el fred puguin jugar en un espai a l&#8217;aire lliure.<br \/>\n<a href=\"https:\/\/www.criar.cat\/noticia\/186\/si-nens-nenes-poden-jugar-aire-lliure-hivern\">https:\/\/www.criar.cat\/noticia\/186\/si-nens-nenes-poden-jugar-aire-lliure-hivern<\/a><br \/>\nEl segon article ens parla de la&hellip;  <a href=\"https:\/\/agora.xtec.cat\/ceip-santacreu-anglesola\/general\/sobre-la-sobreproteccio-i-sobre-jugar-a-laire-lliure\/\" title=\"Read Sobre la sobreprotecci\u00f3 i sobre jugar a l&#8217;aire lliure\">Llegeix m\u00e9s\u00bb<\/a><\/p>\n","protected":false},"author":3,"featured_media":0,"comment_status":"open","ping_status":"closed","sticky":false,"template":"","format":"standard","meta":{"_bbp_topic_count":0,"_bbp_reply_count":0,"_bbp_total_topic_count":0,"_bbp_total_reply_count":0,"_bbp_voice_count":0,"_bbp_anonymous_reply_count":0,"_bbp_topic_count_hidden":0,"_bbp_reply_count_hidden":0,"_bbp_forum_subforum_count":0,"footnotes":""},"categories":[54,1,4],"tags":[],"class_list":["post-5594","post","type-post","status-publish","format-standard","hentry","category-articles","category-general","category-portada"],"post_mailing_queue_ids":[],"_links":{"self":[{"href":"https:\/\/agora.xtec.cat\/ceip-santacreu-anglesola\/wp-json\/wp\/v2\/posts\/5594","targetHints":{"allow":["GET"]}}],"collection":[{"href":"https:\/\/agora.xtec.cat\/ceip-santacreu-anglesola\/wp-json\/wp\/v2\/posts"}],"about":[{"href":"https:\/\/agora.xtec.cat\/ceip-santacreu-anglesola\/wp-json\/wp\/v2\/types\/post"}],"author":[{"embeddable":true,"href":"https:\/\/agora.xtec.cat\/ceip-santacreu-anglesola\/wp-json\/wp\/v2\/users\/3"}],"replies":[{"embeddable":true,"href":"https:\/\/agora.xtec.cat\/ceip-santacreu-anglesola\/wp-json\/wp\/v2\/comments?post=5594"}],"version-history":[{"count":1,"href":"https:\/\/agora.xtec.cat\/ceip-santacreu-anglesola\/wp-json\/wp\/v2\/posts\/5594\/revisions"}],"predecessor-version":[{"id":5595,"href":"https:\/\/agora.xtec.cat\/ceip-santacreu-anglesola\/wp-json\/wp\/v2\/posts\/5594\/revisions\/5595"}],"wp:attachment":[{"href":"https:\/\/agora.xtec.cat\/ceip-santacreu-anglesola\/wp-json\/wp\/v2\/media?parent=5594"}],"wp:term":[{"taxonomy":"category","embeddable":true,"href":"https:\/\/agora.xtec.cat\/ceip-santacreu-anglesola\/wp-json\/wp\/v2\/categories?post=5594"},{"taxonomy":"post_tag","embeddable":true,"href":"https:\/\/agora.xtec.cat\/ceip-santacreu-anglesola\/wp-json\/wp\/v2\/tags?post=5594"}],"curies":[{"name":"wp","href":"https:\/\/api.w.org\/{rel}","templated":true}]}}