{"id":5561,"date":"2022-12-19T15:37:06","date_gmt":"2022-12-19T14:37:06","guid":{"rendered":"https:\/\/agora.xtec.cat\/ceip-santacreu-anglesola\/?p=5561"},"modified":"2023-09-05T10:50:31","modified_gmt":"2023-09-05T08:50:31","slug":"musica-5e","status":"publish","type":"post","link":"https:\/\/agora.xtec.cat\/ceip-santacreu-anglesola\/portada\/musica-5e\/","title":{"rendered":"M\u00fasica 5\u00e8"},"content":{"rendered":"<p>Com portem fent des de 3 cursos, l&#8217;alumnat de 5\u00e8 ha treballat alguns dels compositors m\u00e9s destacats de la m\u00fasica cl\u00e0ssica. Cada infant s\u2019ha hagut de preparar un compositor i fer una exposici\u00f3 oral a classe.<\/p>\n<p>Clica a la imatge per a continuar llegint:<\/p>\n<p><img loading=\"lazy\" decoding=\"async\" class=\"alignnone\" src=\"https:\/\/phantom-expansion.unidadeditorial.es\/18dacae9ff30ffa4068b746c55893f2d\/crop\/0x0\/2044x1363\/resize\/828\/f\/jpg\/assets\/multimedia\/imagenes\/2022\/03\/11\/16469852665438.jpg\" alt=\"Pentagrama con notas musicales\" width=\"392\" height=\"261\" \/><\/p>\n","protected":false},"excerpt":{"rendered":"<p>Com portem fent des de 3 cursos, l&#8217;alumnat de 5\u00e8 ha treballat alguns dels compositors m\u00e9s destacats de la m\u00fasica cl\u00e0ssica. Cada infant s\u2019ha hagut de preparar un compositor i fer una exposici\u00f3 oral a classe.<br \/>\nClica a la imatge per a continuar llegint:<\/p>\n","protected":false},"author":3,"featured_media":0,"comment_status":"open","ping_status":"closed","sticky":false,"template":"","format":"standard","meta":{"_bbp_topic_count":0,"_bbp_reply_count":0,"_bbp_total_topic_count":0,"_bbp_total_reply_count":0,"_bbp_voice_count":0,"_bbp_anonymous_reply_count":0,"_bbp_topic_count_hidden":0,"_bbp_reply_count_hidden":0,"_bbp_forum_subforum_count":0,"footnotes":""},"categories":[4],"tags":[],"class_list":["post-5561","post","type-post","status-publish","format-standard","hentry","category-portada"],"post_mailing_queue_ids":[],"_links":{"self":[{"href":"https:\/\/agora.xtec.cat\/ceip-santacreu-anglesola\/wp-json\/wp\/v2\/posts\/5561","targetHints":{"allow":["GET"]}}],"collection":[{"href":"https:\/\/agora.xtec.cat\/ceip-santacreu-anglesola\/wp-json\/wp\/v2\/posts"}],"about":[{"href":"https:\/\/agora.xtec.cat\/ceip-santacreu-anglesola\/wp-json\/wp\/v2\/types\/post"}],"author":[{"embeddable":true,"href":"https:\/\/agora.xtec.cat\/ceip-santacreu-anglesola\/wp-json\/wp\/v2\/users\/3"}],"replies":[{"embeddable":true,"href":"https:\/\/agora.xtec.cat\/ceip-santacreu-anglesola\/wp-json\/wp\/v2\/comments?post=5561"}],"version-history":[{"count":3,"href":"https:\/\/agora.xtec.cat\/ceip-santacreu-anglesola\/wp-json\/wp\/v2\/posts\/5561\/revisions"}],"predecessor-version":[{"id":6223,"href":"https:\/\/agora.xtec.cat\/ceip-santacreu-anglesola\/wp-json\/wp\/v2\/posts\/5561\/revisions\/6223"}],"wp:attachment":[{"href":"https:\/\/agora.xtec.cat\/ceip-santacreu-anglesola\/wp-json\/wp\/v2\/media?parent=5561"}],"wp:term":[{"taxonomy":"category","embeddable":true,"href":"https:\/\/agora.xtec.cat\/ceip-santacreu-anglesola\/wp-json\/wp\/v2\/categories?post=5561"},{"taxonomy":"post_tag","embeddable":true,"href":"https:\/\/agora.xtec.cat\/ceip-santacreu-anglesola\/wp-json\/wp\/v2\/tags?post=5561"}],"curies":[{"name":"wp","href":"https:\/\/api.w.org\/{rel}","templated":true}]}}