{"id":5543,"date":"2022-12-05T13:23:55","date_gmt":"2022-12-05T12:23:55","guid":{"rendered":"https:\/\/agora.xtec.cat\/ceip-santacreu-anglesola\/?p=5543"},"modified":"2023-09-05T10:50:53","modified_gmt":"2023-09-05T08:50:53","slug":"setmana-europea-de-la-prevencio-de-residus-moda-circular-i-sostenible","status":"publish","type":"post","link":"https:\/\/agora.xtec.cat\/ceip-santacreu-anglesola\/general\/setmana-europea-de-la-prevencio-de-residus-moda-circular-i-sostenible\/","title":{"rendered":"Setmana Europea de la Prevenci\u00f3 de Residus: Moda circular i sostenible"},"content":{"rendered":"<p>Un any m\u00e9s i com a Escola Verda que som, els alumnes de l\u2019Escola Santa Creu hem participat en la <strong><em>Setmana Europea de la Prevenci\u00f3 de Residus<\/em><\/strong> que s\u2019ha celebrat dels dies 19 al 27 de novembre.<\/p>\n<p>Aquest any centrem els esfor\u00e7os en el t\u00e8xtil, amb la tem\u00e0tica <strong>Moda<\/strong><strong> circular i sostenible<\/strong>, TREBALLEM PLEGATS PER UN PLANETA RESIDUS ZERO! amb el lema \u201c<strong>Generar residus \u00e9s antiquat!\u201d<\/strong>.<\/p>\n<p>Aquesta campanya l&#8217;hem realitzat per a sensibilitzar tota la comunitat educativa a potenciar la reducci\u00f3 de residus i aconseguir una escola m\u00e9s sostenible i implicada amb el medi.<\/p>\n<p>Ja que la moda circular fomenta el reciclatge, nosaltres hem contribu\u00eft en la reducci\u00f3 de residus confeccionant unes bosses, amb samarretes velles de casa o que ja no utilitz\u00e0vem, per poder-hi guardar el nostre material.<\/p>\n<p>Aqu\u00ed us deixem una mostra de les bosses que ja hem fet.<\/p>\n<p style=\"text-align: center;\"><img loading=\"lazy\" decoding=\"async\" class=\"alignnone wp-image-5550 size-medium\" src=\"https:\/\/agora.xtec.cat\/ceip-santacreu-anglesola\/wp-content\/uploads\/usu483\/2022\/12\/foto-cartell-3-209x300.jpg\" alt=\"\" width=\"209\" height=\"300\" srcset=\"https:\/\/agora.xtec.cat\/ceip-santacreu-anglesola\/wp-content\/uploads\/usu483\/2022\/12\/foto-cartell-3-209x300.jpg 209w, https:\/\/agora.xtec.cat\/ceip-santacreu-anglesola\/wp-content\/uploads\/usu483\/2022\/12\/foto-cartell-3.jpg 598w\" sizes=\"auto, (max-width: 209px) 100vw, 209px\" \/><\/p>\n","protected":false},"excerpt":{"rendered":"<p>Un any m\u00e9s i com a Escola Verda que som, els alumnes de l\u2019Escola Santa Creu hem participat en la Setmana Europea de la Prevenci\u00f3 de Residus que s\u2019ha celebrat dels dies 19 al 27 de novembre.<br \/>\nAquest any centrem els esfor\u00e7os en el t\u00e8xtil, amb&hellip;  <a href=\"https:\/\/agora.xtec.cat\/ceip-santacreu-anglesola\/general\/setmana-europea-de-la-prevencio-de-residus-moda-circular-i-sostenible\/\" title=\"Read Setmana Europea de la Prevenci\u00f3 de Residus: Moda circular i sostenible\">Llegeix m\u00e9s\u00bb<\/a><\/p>\n","protected":false},"author":16,"featured_media":0,"comment_status":"open","ping_status":"closed","sticky":false,"template":"","format":"standard","meta":{"_bbp_topic_count":0,"_bbp_reply_count":0,"_bbp_total_topic_count":0,"_bbp_total_reply_count":0,"_bbp_voice_count":0,"_bbp_anonymous_reply_count":0,"_bbp_topic_count_hidden":0,"_bbp_reply_count_hidden":0,"_bbp_forum_subforum_count":0,"footnotes":""},"categories":[1,4,5],"tags":[],"class_list":["post-5543","post","type-post","status-publish","format-standard","hentry","category-general","category-portada","category-primaria"],"post_mailing_queue_ids":[],"_links":{"self":[{"href":"https:\/\/agora.xtec.cat\/ceip-santacreu-anglesola\/wp-json\/wp\/v2\/posts\/5543","targetHints":{"allow":["GET"]}}],"collection":[{"href":"https:\/\/agora.xtec.cat\/ceip-santacreu-anglesola\/wp-json\/wp\/v2\/posts"}],"about":[{"href":"https:\/\/agora.xtec.cat\/ceip-santacreu-anglesola\/wp-json\/wp\/v2\/types\/post"}],"author":[{"embeddable":true,"href":"https:\/\/agora.xtec.cat\/ceip-santacreu-anglesola\/wp-json\/wp\/v2\/users\/16"}],"replies":[{"embeddable":true,"href":"https:\/\/agora.xtec.cat\/ceip-santacreu-anglesola\/wp-json\/wp\/v2\/comments?post=5543"}],"version-history":[{"count":3,"href":"https:\/\/agora.xtec.cat\/ceip-santacreu-anglesola\/wp-json\/wp\/v2\/posts\/5543\/revisions"}],"predecessor-version":[{"id":6224,"href":"https:\/\/agora.xtec.cat\/ceip-santacreu-anglesola\/wp-json\/wp\/v2\/posts\/5543\/revisions\/6224"}],"wp:attachment":[{"href":"https:\/\/agora.xtec.cat\/ceip-santacreu-anglesola\/wp-json\/wp\/v2\/media?parent=5543"}],"wp:term":[{"taxonomy":"category","embeddable":true,"href":"https:\/\/agora.xtec.cat\/ceip-santacreu-anglesola\/wp-json\/wp\/v2\/categories?post=5543"},{"taxonomy":"post_tag","embeddable":true,"href":"https:\/\/agora.xtec.cat\/ceip-santacreu-anglesola\/wp-json\/wp\/v2\/tags?post=5543"}],"curies":[{"name":"wp","href":"https:\/\/api.w.org\/{rel}","templated":true}]}}