{"id":5531,"date":"2022-11-25T12:47:29","date_gmt":"2022-11-25T11:47:29","guid":{"rendered":"https:\/\/agora.xtec.cat\/ceip-santacreu-anglesola\/?p=5531"},"modified":"2023-09-05T10:51:20","modified_gmt":"2023-09-05T08:51:20","slug":"dia-internacional-per-a-leliminacio-de-la-violencia-envers-les-dones","status":"publish","type":"post","link":"https:\/\/agora.xtec.cat\/ceip-santacreu-anglesola\/general\/dia-internacional-per-a-leliminacio-de-la-violencia-envers-les-dones\/","title":{"rendered":"Dia Internacional per a l&#8217;eliminaci\u00f3 de la Viol\u00e8ncia envers les Dones"},"content":{"rendered":"<p style=\"font-weight: 400; text-align: left;\">Amb motiu del 25 novembre,<strong>\u00a0<u>Dia Internacional per a l\u2019eliminaci\u00f3 de la Viol\u00e8ncia envers les Dones\u00a0<\/u><\/strong>l&#8217;escola s&#8217;ha adherit\u00a0al<strong>\u00a0<\/strong><a href=\"https:\/\/esport.gencat.cat\/web\/.content\/home\/arees_dactuacio\/esport_i_genere\/violencia_masclista_esport\/DiaIntern_Eliminacio_Violencia_Dones\/DiaInternEliminViolDones_ManifestMonEsp-25N.pdf\" data-saferedirecturl=\"https:\/\/www.google.com\/url?q=https:\/\/esport.gencat.cat\/web\/.content\/home\/arees_dactuacio\/esport_i_genere\/violencia_masclista_esport\/DiaIntern_Eliminacio_Violencia_Dones\/DiaInternEliminViolDones_ManifestMonEsp-25N.pdf&amp;source=gmail&amp;ust=1669462249411000&amp;usg=AOvVaw3qCs6Zof-SWfpVuiPChQmy\"><strong>MANIFEST DEL M\u00d3N DE L\u2019ESPORT 25N 2022<\/strong><\/a>.<\/p>\n<p style=\"font-weight: 400; text-align: left;\">Hem realitzat una lectura del <a href=\"https:\/\/esport.gencat.cat\/web\/.content\/home\/arees_dactuacio\/esport_i_genere\/violencia_masclista_esport\/DiaIntern_Eliminacio_Violencia_Dones\/DiaInternEliminViolDones_ManifestMonEsp-25N.pdf\" target=\"_blank\" rel=\"noopener\"><strong>manifest (cliqueu aqu\u00ed)<\/strong><\/a> a tot l&#8217;alumnat de Prim\u00e0ria i despr\u00e9s l&#8217;alumnat de cicle superior ha fet un joc esportiu. Des de l&#8217;escola i l&#8217;\u00e0rea d&#8217;Educaci\u00f3 F\u00edsica refermem el comprom\u00eds amb la llibertat i la garantia del dret de les dones a la seguretat, a la integritat f\u00edsica i psicol\u00f2gica, a la salut, a l\u2019educaci\u00f3, a la participaci\u00f3 social i pol\u00edtica. Per un Esport Segur, amb respecte, dignitat, igualtat, llibertat i joc net. Dins l&#8217;\u00e0rea de Valors tamb\u00e9 s&#8217;han realitzat diverses activitats.<\/p>\n<p style=\"font-weight: 400;\">Si voleu m\u00e9s informaci\u00f3 podeu clicar als seg\u00fcent enlla\u00e7:<\/p>\n<p style=\"font-weight: 400;\"><a href=\"https:\/\/esport.gencat.cat\/web\/.content\/home\/arees_dactuacio\/esport_i_genere\/violencia_masclista_esport\/DiaIntern_Eliminacio_Violencia_Dones\/entitats-adherides.pdf\" target=\"_blank\" rel=\"noopener\" data-saferedirecturl=\"https:\/\/www.google.com\/url?q=https:\/\/esport.gencat.cat\/web\/.content\/home\/arees_dactuacio\/esport_i_genere\/violencia_masclista_esport\/DiaIntern_Eliminacio_Violencia_Dones\/entitats-adherides.pdf&amp;source=gmail&amp;ust=1669462249411000&amp;usg=AOvVaw1L_-dk6w6p3kI67TkNZ7fl\"><strong>Relaci\u00f3 d\u2019entitats adherides al Manifest del m\u00f3n de l\u2019Esport 25N 2022<\/strong><\/a><\/p>\n<p style=\"font-weight: 400;\">Per veure les fotografies cliqueu a la imatge.<\/p>\n<p style=\"font-weight: 400;\"><img loading=\"lazy\" decoding=\"async\" class=\"aligncenter wp-image-5532\" src=\"https:\/\/agora.xtec.cat\/ceip-santacreu-anglesola\/wp-content\/uploads\/usu483\/2022\/11\/11-Cartell-25Nesportcat-04-tartan-1024x795.jpg\" alt=\"\" width=\"746\" height=\"580\" srcset=\"https:\/\/agora.xtec.cat\/ceip-santacreu-anglesola\/wp-content\/uploads\/usu483\/2022\/11\/11-Cartell-25Nesportcat-04-tartan-1024x795.jpg 1024w, https:\/\/agora.xtec.cat\/ceip-santacreu-anglesola\/wp-content\/uploads\/usu483\/2022\/11\/11-Cartell-25Nesportcat-04-tartan-300x233.jpg 300w, https:\/\/agora.xtec.cat\/ceip-santacreu-anglesola\/wp-content\/uploads\/usu483\/2022\/11\/11-Cartell-25Nesportcat-04-tartan-768x596.jpg 768w, https:\/\/agora.xtec.cat\/ceip-santacreu-anglesola\/wp-content\/uploads\/usu483\/2022\/11\/11-Cartell-25Nesportcat-04-tartan.jpg 1500w\" sizes=\"auto, (max-width: 746px) 100vw, 746px\" \/><\/p>\n<p style=\"font-weight: 400;\"><strong>Per una vida i un #EsportSegur, lliure de viol\u00e8ncies masclistes<\/strong>!<\/p>\n","protected":false},"excerpt":{"rendered":"<p>Amb motiu del 25 novembre,\u00a0Dia Internacional per a l\u2019eliminaci\u00f3 de la Viol\u00e8ncia envers les Dones\u00a0l&#8217;escola s&#8217;ha adherit\u00a0al\u00a0<a href=\"https:\/\/esport.gencat.cat\/web\/.content\/home\/arees_dactuacio\/esport_i_genere\/violencia_masclista_esport\/DiaIntern_Eliminacio_Violencia_Dones\/DiaInternEliminViolDones_ManifestMonEsp-25N.pdf\" data-saferedirecturl=\"https:\/\/www.google.com\/url?q=https:\/\/esport.gencat.cat\/web\/.content\/home\/arees_dactuacio\/esport_i_genere\/violencia_masclista_esport\/DiaIntern_Eliminacio_Violencia_Dones\/DiaInternEliminViolDones_ManifestMonEsp-25N.pdf&amp;source=gmail&amp;ust=1669462249411000&amp;usg=AOvVaw3qCs6Zof-SWfpVuiPChQmy\">MANIFEST DEL M\u00d3N DE L\u2019ESPORT 25N 2022<\/a>.<br \/>\nHem realitzat una lectura del <a href=\"https:\/\/esport.gencat.cat\/web\/.content\/home\/arees_dactuacio\/esport_i_genere\/violencia_masclista_esport\/DiaIntern_Eliminacio_Violencia_Dones\/DiaInternEliminViolDones_ManifestMonEsp-25N.pdf\" target=\"_blank\" rel=\"noopener\">manifest (cliqueu aqu\u00ed)<\/a> a tot l&#8217;alumnat de Prim\u00e0ria i despr\u00e9s l&#8217;alumnat de cicle&hellip;  <a href=\"https:\/\/agora.xtec.cat\/ceip-santacreu-anglesola\/general\/dia-internacional-per-a-leliminacio-de-la-violencia-envers-les-dones\/\" title=\"Read Dia Internacional per a l&#8217;eliminaci\u00f3 de la Viol\u00e8ncia envers les Dones\">Llegeix m\u00e9s\u00bb<\/a><\/p>\n","protected":false},"author":11,"featured_media":0,"comment_status":"open","ping_status":"closed","sticky":false,"template":"","format":"standard","meta":{"_bbp_topic_count":0,"_bbp_reply_count":0,"_bbp_total_topic_count":0,"_bbp_total_reply_count":0,"_bbp_voice_count":0,"_bbp_anonymous_reply_count":0,"_bbp_topic_count_hidden":0,"_bbp_reply_count_hidden":0,"_bbp_forum_subforum_count":0,"footnotes":""},"categories":[1,4,5],"tags":[],"class_list":["post-5531","post","type-post","status-publish","format-standard","hentry","category-general","category-portada","category-primaria"],"post_mailing_queue_ids":[],"_links":{"self":[{"href":"https:\/\/agora.xtec.cat\/ceip-santacreu-anglesola\/wp-json\/wp\/v2\/posts\/5531","targetHints":{"allow":["GET"]}}],"collection":[{"href":"https:\/\/agora.xtec.cat\/ceip-santacreu-anglesola\/wp-json\/wp\/v2\/posts"}],"about":[{"href":"https:\/\/agora.xtec.cat\/ceip-santacreu-anglesola\/wp-json\/wp\/v2\/types\/post"}],"author":[{"embeddable":true,"href":"https:\/\/agora.xtec.cat\/ceip-santacreu-anglesola\/wp-json\/wp\/v2\/users\/11"}],"replies":[{"embeddable":true,"href":"https:\/\/agora.xtec.cat\/ceip-santacreu-anglesola\/wp-json\/wp\/v2\/comments?post=5531"}],"version-history":[{"count":3,"href":"https:\/\/agora.xtec.cat\/ceip-santacreu-anglesola\/wp-json\/wp\/v2\/posts\/5531\/revisions"}],"predecessor-version":[{"id":6225,"href":"https:\/\/agora.xtec.cat\/ceip-santacreu-anglesola\/wp-json\/wp\/v2\/posts\/5531\/revisions\/6225"}],"wp:attachment":[{"href":"https:\/\/agora.xtec.cat\/ceip-santacreu-anglesola\/wp-json\/wp\/v2\/media?parent=5531"}],"wp:term":[{"taxonomy":"category","embeddable":true,"href":"https:\/\/agora.xtec.cat\/ceip-santacreu-anglesola\/wp-json\/wp\/v2\/categories?post=5531"},{"taxonomy":"post_tag","embeddable":true,"href":"https:\/\/agora.xtec.cat\/ceip-santacreu-anglesola\/wp-json\/wp\/v2\/tags?post=5531"}],"curies":[{"name":"wp","href":"https:\/\/api.w.org\/{rel}","templated":true}]}}