{"id":5525,"date":"2022-11-21T14:01:06","date_gmt":"2022-11-21T13:01:06","guid":{"rendered":"https:\/\/agora.xtec.cat\/ceip-santacreu-anglesola\/?p=5525"},"modified":"2023-09-05T10:51:39","modified_gmt":"2023-09-05T08:51:39","slug":"20-n-els-drets-dels-infants","status":"publish","type":"post","link":"https:\/\/agora.xtec.cat\/ceip-santacreu-anglesola\/general\/20-n-els-drets-dels-infants\/","title":{"rendered":"20 N Els Drets dels Infants"},"content":{"rendered":"<p>Un any m\u00e9s no volem deixar passar el dia 20 de novembre per treballar la Convenci\u00f3 dels Drets dels Infants que va tenir lloc el 1989. \u00c9s un fet important que ning\u00fa no ens pot prendre i que totes les persones tenim des que naixem, tot i que, de vegades, sembla que hi hagi llocs al m\u00f3n que se&#8217;ls hi oblida. Des de les classes hem dut a terme diferents activitats de sensibilitzaci\u00f3 i conscienciaci\u00f3 de la import\u00e0ncia que aquests es compleixin, estan sent unes sessions molt motivadores i engrescadores per l&#8217;alumnat. Us convidem a les fam\u00edlies de qu\u00e8 en parleu!<\/p>\n<p><img loading=\"lazy\" decoding=\"async\" class=\"aligncenter\" src=\"https:\/\/www.gramenet.cat\/fileadmin\/user_upload\/_imported\/Ahh.jpg\" alt=\"Els drets dels infants: Ajuntament de Santa Coloma de Gramenet\" width=\"202\" height=\"160\" \/><\/p>\n","protected":false},"excerpt":{"rendered":"<p>Un any m\u00e9s no volem deixar passar el dia 20 de novembre per treballar la Convenci\u00f3 dels Drets dels Infants que va tenir lloc el 1989. \u00c9s un fet important que ning\u00fa no ens pot prendre i que totes les persones tenim des que naixem,&hellip;  <a href=\"https:\/\/agora.xtec.cat\/ceip-santacreu-anglesola\/general\/20-n-els-drets-dels-infants\/\" title=\"Read 20 N Els Drets dels Infants\">Llegeix m\u00e9s\u00bb<\/a><\/p>\n","protected":false},"author":1,"featured_media":0,"comment_status":"open","ping_status":"closed","sticky":false,"template":"","format":"standard","meta":{"_bbp_topic_count":0,"_bbp_reply_count":0,"_bbp_total_topic_count":0,"_bbp_total_reply_count":0,"_bbp_voice_count":0,"_bbp_anonymous_reply_count":0,"_bbp_topic_count_hidden":0,"_bbp_reply_count_hidden":0,"_bbp_forum_subforum_count":0,"footnotes":""},"categories":[1,4],"tags":[],"class_list":["post-5525","post","type-post","status-publish","format-standard","hentry","category-general","category-portada"],"post_mailing_queue_ids":[],"_links":{"self":[{"href":"https:\/\/agora.xtec.cat\/ceip-santacreu-anglesola\/wp-json\/wp\/v2\/posts\/5525","targetHints":{"allow":["GET"]}}],"collection":[{"href":"https:\/\/agora.xtec.cat\/ceip-santacreu-anglesola\/wp-json\/wp\/v2\/posts"}],"about":[{"href":"https:\/\/agora.xtec.cat\/ceip-santacreu-anglesola\/wp-json\/wp\/v2\/types\/post"}],"author":[{"embeddable":true,"href":"https:\/\/agora.xtec.cat\/ceip-santacreu-anglesola\/wp-json\/wp\/v2\/users\/1"}],"replies":[{"embeddable":true,"href":"https:\/\/agora.xtec.cat\/ceip-santacreu-anglesola\/wp-json\/wp\/v2\/comments?post=5525"}],"version-history":[{"count":1,"href":"https:\/\/agora.xtec.cat\/ceip-santacreu-anglesola\/wp-json\/wp\/v2\/posts\/5525\/revisions"}],"predecessor-version":[{"id":5526,"href":"https:\/\/agora.xtec.cat\/ceip-santacreu-anglesola\/wp-json\/wp\/v2\/posts\/5525\/revisions\/5526"}],"wp:attachment":[{"href":"https:\/\/agora.xtec.cat\/ceip-santacreu-anglesola\/wp-json\/wp\/v2\/media?parent=5525"}],"wp:term":[{"taxonomy":"category","embeddable":true,"href":"https:\/\/agora.xtec.cat\/ceip-santacreu-anglesola\/wp-json\/wp\/v2\/categories?post=5525"},{"taxonomy":"post_tag","embeddable":true,"href":"https:\/\/agora.xtec.cat\/ceip-santacreu-anglesola\/wp-json\/wp\/v2\/tags?post=5525"}],"curies":[{"name":"wp","href":"https:\/\/api.w.org\/{rel}","templated":true}]}}