{"id":5515,"date":"2022-11-21T13:08:15","date_gmt":"2022-11-21T12:08:15","guid":{"rendered":"https:\/\/agora.xtec.cat\/ceip-santacreu-anglesola\/?p=5515"},"modified":"2023-09-05T10:51:52","modified_gmt":"2023-09-05T08:51:52","slug":"els-alumnes-de-cicle-mitja-plantem-lhort","status":"publish","type":"post","link":"https:\/\/agora.xtec.cat\/ceip-santacreu-anglesola\/general\/els-alumnes-de-cicle-mitja-plantem-lhort\/","title":{"rendered":"ELS ALUMNES DE CICLE MITJ\u00c0 PLANTEM L&#8217;HORT"},"content":{"rendered":"<p>El dia 17 de novembre els alumnes de cicle mitj\u00e0 vam plantar l\u2019hort de l\u2019escola.<\/p>\n<p>Aquest curs, per acabar de millorar-lo, l\u2019Ampa va demanar m\u00e9s palots, que ens va portar l&#8217;empresa de productes ecol\u00f2gics ECOMA\u00dcS d&#8217;Anglesola. Tot seguit, l&#8217; Ajuntament ens hi va posar la terra. Ara ja en tenim quatre i disposem de m\u00e9s espai per poder fer un hort m\u00e9s gran.<\/p>\n<p>Aprofitem aquesta activitat que t\u00e9 relaci\u00f3 amb la mat\u00e8ria de medi ja que estem treballant els paisatges i els ecosistemes. Tamb\u00e9 ens desperta la curiositat cient\u00edfica, treballem la sostenibilitat, la biodiversitat, el cicle de les plantes, la intervenci\u00f3 humana sobre el medi i fomentem el treball cooperatiu.<\/p>\n<p>Tots els alumnes del cicle vam participar en les tasques d&#8217;hort. Primer vam agafar les eines per remoure la terra dels palots vells. Seguidament, vam plantar escaroles, enciams, bledes, faves, cebes, alls i tamb\u00e9 vam sembrar llavor d&#8217;espinacs. Finalment vam regar-lo i vam arrencar la tija de la carxofera.<\/p>\n<p>Vam passar una tarda ben distreta i ens va agradar molt participar d\u2019aquesta tasca.<\/p>\n<p>Ara haurem de ser responsables i tenir cura de les plantes fins a l&#8217;\u00e8poca de la recol\u00b7lecci\u00f3.<\/p>\n<p>Agra\u00efm la col\u00b7laboraci\u00f3 de l&#8217;AMPA, l&#8217;empresa ECOMA\u00dcS i de la FLORISTERIA SERCRIS per oferir-nos orientaci\u00f3 en la distribuci\u00f3 del planter.<\/p>\n<p>Cliqueu la imatge per veure les fotografies:<\/p>\n<p><img loading=\"lazy\" decoding=\"async\" class=\"aligncenter wp-image-5517\" src=\"https:\/\/agora.xtec.cat\/ceip-santacreu-anglesola\/wp-content\/uploads\/usu483\/2022\/11\/imatge-article-300x300.png\" alt=\"\" width=\"246\" height=\"246\" srcset=\"https:\/\/agora.xtec.cat\/ceip-santacreu-anglesola\/wp-content\/uploads\/usu483\/2022\/11\/imatge-article-300x300.png 300w, https:\/\/agora.xtec.cat\/ceip-santacreu-anglesola\/wp-content\/uploads\/usu483\/2022\/11\/imatge-article-1024x1024.png 1024w, https:\/\/agora.xtec.cat\/ceip-santacreu-anglesola\/wp-content\/uploads\/usu483\/2022\/11\/imatge-article-150x150.png 150w, https:\/\/agora.xtec.cat\/ceip-santacreu-anglesola\/wp-content\/uploads\/usu483\/2022\/11\/imatge-article-768x768.png 768w, https:\/\/agora.xtec.cat\/ceip-santacreu-anglesola\/wp-content\/uploads\/usu483\/2022\/11\/imatge-article-1536x1536.png 1536w, https:\/\/agora.xtec.cat\/ceip-santacreu-anglesola\/wp-content\/uploads\/usu483\/2022\/11\/imatge-article.png 1654w\" sizes=\"auto, (max-width: 246px) 100vw, 246px\" \/><\/p>\n","protected":false},"excerpt":{"rendered":"<p>El dia 17 de novembre els alumnes de cicle mitj\u00e0 vam plantar l\u2019hort de l\u2019escola.<br \/>\nAquest curs, per acabar de millorar-lo, l\u2019Ampa va demanar m\u00e9s palots, que ens va portar l&#8217;empresa de productes ecol\u00f2gics ECOMA\u00dcS d&#8217;Anglesola. Tot seguit, l&#8217; Ajuntament ens hi va posar la terra.&hellip;  <a href=\"https:\/\/agora.xtec.cat\/ceip-santacreu-anglesola\/general\/els-alumnes-de-cicle-mitja-plantem-lhort\/\" title=\"Read ELS ALUMNES DE CICLE MITJ\u00c0 PLANTEM L&#8217;HORT\">Llegeix m\u00e9s\u00bb<\/a><\/p>\n","protected":false},"author":16,"featured_media":0,"comment_status":"open","ping_status":"closed","sticky":false,"template":"","format":"standard","meta":{"_bbp_topic_count":0,"_bbp_reply_count":0,"_bbp_total_topic_count":0,"_bbp_total_reply_count":0,"_bbp_voice_count":0,"_bbp_anonymous_reply_count":0,"_bbp_topic_count_hidden":0,"_bbp_reply_count_hidden":0,"_bbp_forum_subforum_count":0,"footnotes":""},"categories":[1,4],"tags":[],"class_list":["post-5515","post","type-post","status-publish","format-standard","hentry","category-general","category-portada"],"post_mailing_queue_ids":[],"_links":{"self":[{"href":"https:\/\/agora.xtec.cat\/ceip-santacreu-anglesola\/wp-json\/wp\/v2\/posts\/5515","targetHints":{"allow":["GET"]}}],"collection":[{"href":"https:\/\/agora.xtec.cat\/ceip-santacreu-anglesola\/wp-json\/wp\/v2\/posts"}],"about":[{"href":"https:\/\/agora.xtec.cat\/ceip-santacreu-anglesola\/wp-json\/wp\/v2\/types\/post"}],"author":[{"embeddable":true,"href":"https:\/\/agora.xtec.cat\/ceip-santacreu-anglesola\/wp-json\/wp\/v2\/users\/16"}],"replies":[{"embeddable":true,"href":"https:\/\/agora.xtec.cat\/ceip-santacreu-anglesola\/wp-json\/wp\/v2\/comments?post=5515"}],"version-history":[{"count":3,"href":"https:\/\/agora.xtec.cat\/ceip-santacreu-anglesola\/wp-json\/wp\/v2\/posts\/5515\/revisions"}],"predecessor-version":[{"id":6226,"href":"https:\/\/agora.xtec.cat\/ceip-santacreu-anglesola\/wp-json\/wp\/v2\/posts\/5515\/revisions\/6226"}],"wp:attachment":[{"href":"https:\/\/agora.xtec.cat\/ceip-santacreu-anglesola\/wp-json\/wp\/v2\/media?parent=5515"}],"wp:term":[{"taxonomy":"category","embeddable":true,"href":"https:\/\/agora.xtec.cat\/ceip-santacreu-anglesola\/wp-json\/wp\/v2\/categories?post=5515"},{"taxonomy":"post_tag","embeddable":true,"href":"https:\/\/agora.xtec.cat\/ceip-santacreu-anglesola\/wp-json\/wp\/v2\/tags?post=5515"}],"curies":[{"name":"wp","href":"https:\/\/api.w.org\/{rel}","templated":true}]}}