{"id":5490,"date":"2022-11-10T14:59:53","date_gmt":"2022-11-10T13:59:53","guid":{"rendered":"https:\/\/agora.xtec.cat\/ceip-santacreu-anglesola\/?p=5490"},"modified":"2023-09-05T10:52:21","modified_gmt":"2023-09-05T08:52:21","slug":"projecte-els-oficis-ei-presentacio-del-projecte-2","status":"publish","type":"post","link":"https:\/\/agora.xtec.cat\/ceip-santacreu-anglesola\/general\/projecte-els-oficis-ei-presentacio-del-projecte-2\/","title":{"rendered":"PROJECTE ELS OFICIS EI : PRESENTACI\u00d3 DEL PROJECTE."},"content":{"rendered":"<p>A Educaci\u00f3 infantil vam rebre una nota molt misteriosa que ens indicava que al pati trobar\u00edem pistes.<br \/>\nVam comen\u00e7ar a buscar per tot el pati i vam trobar imatges, fotografies i diferents estris i vestits.<br \/>\nQuan ens v\u00e0rem reunir en assemblea per mirar tot all\u00f2 que estava amagat pel pati vam adonar-nos que eren pistes de tres OFICIS i que cada classe en treballar\u00e0 un de diferent m\u00e9s a fons:\u00a0 I3: BOMBER\/BOMBERA\u00a0 &#8211; I4: GRANGER\/GRANGERA &#8211; I5:CUINER\/CUINERA.<\/p>\n<p><img loading=\"lazy\" decoding=\"async\" class=\"alignnone wp-image-5495\" src=\"https:\/\/agora.xtec.cat\/ceip-santacreu-anglesola\/wp-content\/uploads\/usu483\/2022\/11\/09-1-300x135.jpeg\" alt=\"\" width=\"471\" height=\"212\" srcset=\"https:\/\/agora.xtec.cat\/ceip-santacreu-anglesola\/wp-content\/uploads\/usu483\/2022\/11\/09-1-300x135.jpeg 300w, https:\/\/agora.xtec.cat\/ceip-santacreu-anglesola\/wp-content\/uploads\/usu483\/2022\/11\/09-1-1024x462.jpeg 1024w, https:\/\/agora.xtec.cat\/ceip-santacreu-anglesola\/wp-content\/uploads\/usu483\/2022\/11\/09-1-768x346.jpeg 768w, https:\/\/agora.xtec.cat\/ceip-santacreu-anglesola\/wp-content\/uploads\/usu483\/2022\/11\/09-1-1536x692.jpeg 1536w, https:\/\/agora.xtec.cat\/ceip-santacreu-anglesola\/wp-content\/uploads\/usu483\/2022\/11\/09-1.jpeg 2048w\" sizes=\"auto, (max-width: 471px) 100vw, 471px\" \/><\/p>\n","protected":false},"excerpt":{"rendered":"<p>A Educaci\u00f3 infantil vam rebre una nota molt misteriosa que ens indicava que al pati trobar\u00edem pistes.<br \/>\nVam comen\u00e7ar a buscar per tot el pati i vam trobar imatges, fotografies i diferents estris i vestits.<br \/>\nQuan ens v\u00e0rem reunir en assemblea per mirar tot all\u00f2 que estava&hellip;  <a href=\"https:\/\/agora.xtec.cat\/ceip-santacreu-anglesola\/general\/projecte-els-oficis-ei-presentacio-del-projecte-2\/\" title=\"Read PROJECTE ELS OFICIS EI : PRESENTACI\u00d3 DEL PROJECTE.\">Llegeix m\u00e9s\u00bb<\/a><\/p>\n","protected":false},"author":4,"featured_media":0,"comment_status":"open","ping_status":"closed","sticky":false,"template":"","format":"standard","meta":{"_bbp_topic_count":0,"_bbp_reply_count":0,"_bbp_total_topic_count":0,"_bbp_total_reply_count":0,"_bbp_voice_count":0,"_bbp_anonymous_reply_count":0,"_bbp_topic_count_hidden":0,"_bbp_reply_count_hidden":0,"_bbp_forum_subforum_count":0,"footnotes":""},"categories":[1,4],"tags":[],"class_list":["post-5490","post","type-post","status-publish","format-standard","hentry","category-general","category-portada"],"post_mailing_queue_ids":[],"_links":{"self":[{"href":"https:\/\/agora.xtec.cat\/ceip-santacreu-anglesola\/wp-json\/wp\/v2\/posts\/5490","targetHints":{"allow":["GET"]}}],"collection":[{"href":"https:\/\/agora.xtec.cat\/ceip-santacreu-anglesola\/wp-json\/wp\/v2\/posts"}],"about":[{"href":"https:\/\/agora.xtec.cat\/ceip-santacreu-anglesola\/wp-json\/wp\/v2\/types\/post"}],"author":[{"embeddable":true,"href":"https:\/\/agora.xtec.cat\/ceip-santacreu-anglesola\/wp-json\/wp\/v2\/users\/4"}],"replies":[{"embeddable":true,"href":"https:\/\/agora.xtec.cat\/ceip-santacreu-anglesola\/wp-json\/wp\/v2\/comments?post=5490"}],"version-history":[{"count":3,"href":"https:\/\/agora.xtec.cat\/ceip-santacreu-anglesola\/wp-json\/wp\/v2\/posts\/5490\/revisions"}],"predecessor-version":[{"id":6228,"href":"https:\/\/agora.xtec.cat\/ceip-santacreu-anglesola\/wp-json\/wp\/v2\/posts\/5490\/revisions\/6228"}],"wp:attachment":[{"href":"https:\/\/agora.xtec.cat\/ceip-santacreu-anglesola\/wp-json\/wp\/v2\/media?parent=5490"}],"wp:term":[{"taxonomy":"category","embeddable":true,"href":"https:\/\/agora.xtec.cat\/ceip-santacreu-anglesola\/wp-json\/wp\/v2\/categories?post=5490"},{"taxonomy":"post_tag","embeddable":true,"href":"https:\/\/agora.xtec.cat\/ceip-santacreu-anglesola\/wp-json\/wp\/v2\/tags?post=5490"}],"curies":[{"name":"wp","href":"https:\/\/api.w.org\/{rel}","templated":true}]}}