{"id":5488,"date":"2022-11-11T11:25:21","date_gmt":"2022-11-11T10:25:21","guid":{"rendered":"https:\/\/agora.xtec.cat\/ceip-santacreu-anglesola\/?p=5488"},"modified":"2023-09-05T10:52:07","modified_gmt":"2023-09-05T08:52:07","slug":"els-oficis-visita-a-la-floristeria-sercris","status":"publish","type":"post","link":"https:\/\/agora.xtec.cat\/ceip-santacreu-anglesola\/general\/els-oficis-visita-a-la-floristeria-sercris\/","title":{"rendered":"ELS OFICIS: Visita a la FLORISTERIA SERCRIS"},"content":{"rendered":"<p>A Educaci\u00f3 Infantil hem iniciat el projecte dels OFICIS. Treballarem oficis de les fam\u00edlies de l&#8217;escola.<br \/>\nAvui hem visitat la FLORISTERIA SERCRIS. La Cristina ens ha explicat que ja fa 20 anys que va anar a estudiar aquest OFICI a Barcelona.<br \/>\nEns ha ensenyat la botiga que est\u00e0 plena de plantes i flors i ha elaborat un ram de flors variades davant nostre. Algunes de les flors que ha utilitzat s\u00f3n: roses, crisantems,\u00a0 margarides,\u00a0 lliris,\u00a0 roses pitimin\u00ed i altres&#8230; Finalment ens ha regalat un ram per cada classe.<\/p>\n<p>Moltes gr\u00e0cies Cristina per la teva col\u00b7laboraci\u00f3 explicant-nos la teva feina de FLORISTA\u00a0 i gr\u00e0cies tamb\u00e9 per omplir aquest m\u00f3n de colors!<\/p>\n<p><img loading=\"lazy\" decoding=\"async\" class=\"alignnone wp-image-5506\" src=\"https:\/\/agora.xtec.cat\/ceip-santacreu-anglesola\/wp-content\/uploads\/usu483\/2022\/11\/Imagen1-236x300.jpg\" alt=\"\" width=\"182\" height=\"231\" srcset=\"https:\/\/agora.xtec.cat\/ceip-santacreu-anglesola\/wp-content\/uploads\/usu483\/2022\/11\/Imagen1-236x300.jpg 236w, https:\/\/agora.xtec.cat\/ceip-santacreu-anglesola\/wp-content\/uploads\/usu483\/2022\/11\/Imagen1-806x1024.jpg 806w, https:\/\/agora.xtec.cat\/ceip-santacreu-anglesola\/wp-content\/uploads\/usu483\/2022\/11\/Imagen1-768x976.jpg 768w, https:\/\/agora.xtec.cat\/ceip-santacreu-anglesola\/wp-content\/uploads\/usu483\/2022\/11\/Imagen1-1209x1536.jpg 1209w, https:\/\/agora.xtec.cat\/ceip-santacreu-anglesola\/wp-content\/uploads\/usu483\/2022\/11\/Imagen1.jpg 1332w\" sizes=\"auto, (max-width: 182px) 100vw, 182px\" \/><\/p>\n","protected":false},"excerpt":{"rendered":"<p>A Educaci\u00f3 Infantil hem iniciat el projecte dels OFICIS. Treballarem oficis de les fam\u00edlies de l&#8217;escola.<br \/>\nAvui hem visitat la FLORISTERIA SERCRIS. La Cristina ens ha explicat que ja fa 20 anys que va anar a estudiar aquest OFICI a Barcelona.<br \/>\nEns ha ensenyat la botiga que&hellip;  <a href=\"https:\/\/agora.xtec.cat\/ceip-santacreu-anglesola\/general\/els-oficis-visita-a-la-floristeria-sercris\/\" title=\"Read ELS OFICIS: Visita a la FLORISTERIA SERCRIS\">Llegeix m\u00e9s\u00bb<\/a><\/p>\n","protected":false},"author":4,"featured_media":0,"comment_status":"open","ping_status":"closed","sticky":false,"template":"","format":"standard","meta":{"_bbp_topic_count":0,"_bbp_reply_count":0,"_bbp_total_topic_count":0,"_bbp_total_reply_count":0,"_bbp_voice_count":0,"_bbp_anonymous_reply_count":0,"_bbp_topic_count_hidden":0,"_bbp_reply_count_hidden":0,"_bbp_forum_subforum_count":0,"footnotes":""},"categories":[1,4],"tags":[],"class_list":["post-5488","post","type-post","status-publish","format-standard","hentry","category-general","category-portada"],"post_mailing_queue_ids":[],"_links":{"self":[{"href":"https:\/\/agora.xtec.cat\/ceip-santacreu-anglesola\/wp-json\/wp\/v2\/posts\/5488","targetHints":{"allow":["GET"]}}],"collection":[{"href":"https:\/\/agora.xtec.cat\/ceip-santacreu-anglesola\/wp-json\/wp\/v2\/posts"}],"about":[{"href":"https:\/\/agora.xtec.cat\/ceip-santacreu-anglesola\/wp-json\/wp\/v2\/types\/post"}],"author":[{"embeddable":true,"href":"https:\/\/agora.xtec.cat\/ceip-santacreu-anglesola\/wp-json\/wp\/v2\/users\/4"}],"replies":[{"embeddable":true,"href":"https:\/\/agora.xtec.cat\/ceip-santacreu-anglesola\/wp-json\/wp\/v2\/comments?post=5488"}],"version-history":[{"count":3,"href":"https:\/\/agora.xtec.cat\/ceip-santacreu-anglesola\/wp-json\/wp\/v2\/posts\/5488\/revisions"}],"predecessor-version":[{"id":6227,"href":"https:\/\/agora.xtec.cat\/ceip-santacreu-anglesola\/wp-json\/wp\/v2\/posts\/5488\/revisions\/6227"}],"wp:attachment":[{"href":"https:\/\/agora.xtec.cat\/ceip-santacreu-anglesola\/wp-json\/wp\/v2\/media?parent=5488"}],"wp:term":[{"taxonomy":"category","embeddable":true,"href":"https:\/\/agora.xtec.cat\/ceip-santacreu-anglesola\/wp-json\/wp\/v2\/categories?post=5488"},{"taxonomy":"post_tag","embeddable":true,"href":"https:\/\/agora.xtec.cat\/ceip-santacreu-anglesola\/wp-json\/wp\/v2\/tags?post=5488"}],"curies":[{"name":"wp","href":"https:\/\/api.w.org\/{rel}","templated":true}]}}