{"id":5461,"date":"2022-11-07T11:45:16","date_gmt":"2022-11-07T10:45:16","guid":{"rendered":"https:\/\/agora.xtec.cat\/ceip-santacreu-anglesola\/?p=5461"},"modified":"2023-09-05T10:53:13","modified_gmt":"2023-09-05T08:53:13","slug":"sortida-del-1r-trimestre-dels-alumnes-de-primaria","status":"publish","type":"post","link":"https:\/\/agora.xtec.cat\/ceip-santacreu-anglesola\/portada\/sortida-del-1r-trimestre-dels-alumnes-de-primaria\/","title":{"rendered":"Sortida del 1r trimestre dels alumnes de prim\u00e0ria"},"content":{"rendered":"<p>El dimarts dia 25 d&#8217;octubre els alumnes de cicle inicial i mitj\u00e0 vam anar a visitar Mas Colom &#8211; Casa Borges. Una finca amb un espai amb hist\u00f2ria ubicat a T\u00e0rrega.<\/p>\n<p>Els alumnes, en aquesta finca, vam poder viure una experi\u00e8ncia basada en l&#8217;alimentaci\u00f3 de productes saludables pels diferents camps d&#8217;ametllers, noguers, pistatxers i oliveres del Grup Borges, on la innovaci\u00f3 i la sostenibilitat s\u00f3n els eixos principals. Alhora ens va permetre descobrir la hist\u00f2ria dels antics edificis i les claus per la conservaci\u00f3 de la biodiversitat agr\u00e0ria.<\/p>\n<p>Els alumnes de Cicle Inicial vam realitzar dues activitats que s\u2019anomenaven: \u201c Naturalista per naturalesa \u201c, un taller on vam aprendre els diversos ecosistemes, amb una maleta\u00a0 del naturista \u00a0on hi havia lupes, prism\u00e0tics&#8230;.., i el segon taller s\u2019anomenava \u201c Les decisions de l\u2019oliva \u201c, un taller d\u2019alimentaci\u00f3 i cuina on vam acompanyar a l\u2019oliva a prendre les millors decisions per tal de tenir un estil de vida saludable. A m\u00e9s a m\u00e9s vam realitzar dues receptes.<\/p>\n<p>A Cicle Mitj\u00e0 vam poder gaudir del joc mitjan\u00e7ant uns tallers molt divertits d&#8217;educaci\u00f3 mediambiental i orientaci\u00f3 espacial en el territori que ens va permetre con\u00e8ixer l&#8217;ecosistema agrari i la biodiversitat de la finca mitjan\u00e7ant un recorregut d&#8217;orientaci\u00f3. Tamb\u00e9 vam poder gaudir d&#8217;un joc on vam crear una pauta d&#8217;estil de vida saludable i cuinar una recepta elaborada a partir d&#8217;elements energ\u00e8tics.<\/p>\n<p>Per d&#8217;altra banda, Cicle Superior vam anar a visitar el Refugi de la Guerra Civil espanyola que protegia als ve\u00efns d&#8217;Agramunt dels bombardejos de la guerra. Aquest refugi el van construir en sis mesos i el van fer servir l&#8217;any 1938, nom\u00e9s un mes i mig. Estava ubicat sota la nau central de l&#8217;esgl\u00e9sia on antigament hi havia una bas\u00edlica, cosa que els va permetre ubicar-lo sense malmetre els fonaments de l&#8217;esgl\u00e9sia.<\/p>\n<p>En segon lloc vam visitar &#8220;Lo pardal&#8221; museu on hi ha les obres de l&#8217;artista local Guillem Viladot. Ens van explicar la seva poesia visual i vam fer un taller imitant la seva obra i jugant amb la nostra creativitat.<\/p>\n<p>En acabar la visita ens vam retrobar altra vegada tots els alumnes de prim\u00e0ria i vam anar cap al parc de Sant Eloi de T\u00e0rrega, a dinar i gaudir d&#8217;una tarda de joc. Va ser un dia molt divertit i ens ho vam passar molt b\u00e9!<\/p>\n<p>CLIQUEU A LA IMATGE PER VEURE LES FOTOS:<\/p>\n<div id=\"text_block-727-37\" class=\"ct-text-block txt-visites margin-0 paquets\">\n<p><img loading=\"lazy\" decoding=\"async\" class=\"aligncenter\" src=\"https:\/\/masdecolom.com\/wp-content\/uploads\/2021\/07\/Ativo-4-100.jpg\" alt=\"Descubre Mas de Colom - Casa Borges - Mas de Colom\" width=\"274\" height=\"206\" \/><\/p>\n<\/div>\n<div id=\"text_block-15-26\" class=\"ct-text-block txt-main txt-content\"><\/div>\n<p>&nbsp;<\/p>\n","protected":false},"excerpt":{"rendered":"<p>El dimarts dia 25 d&#8217;octubre els alumnes de cicle inicial i mitj\u00e0 vam anar a visitar Mas Colom &#8211; Casa Borges. Una finca amb un espai amb hist\u00f2ria ubicat a T\u00e0rrega.<br \/>\nEls alumnes, en aquesta finca, vam poder viure una experi\u00e8ncia basada en l&#8217;alimentaci\u00f3 de productes&hellip;  <a href=\"https:\/\/agora.xtec.cat\/ceip-santacreu-anglesola\/portada\/sortida-del-1r-trimestre-dels-alumnes-de-primaria\/\" title=\"Read Sortida del 1r trimestre dels alumnes de prim\u00e0ria\">Llegeix m\u00e9s\u00bb<\/a><\/p>\n","protected":false},"author":1,"featured_media":0,"comment_status":"open","ping_status":"closed","sticky":false,"template":"","format":"standard","meta":{"_bbp_topic_count":0,"_bbp_reply_count":0,"_bbp_total_topic_count":0,"_bbp_total_reply_count":0,"_bbp_voice_count":0,"_bbp_anonymous_reply_count":0,"_bbp_topic_count_hidden":0,"_bbp_reply_count_hidden":0,"_bbp_forum_subforum_count":0,"footnotes":""},"categories":[4,5],"tags":[],"class_list":["post-5461","post","type-post","status-publish","format-standard","hentry","category-portada","category-primaria"],"post_mailing_queue_ids":[],"_links":{"self":[{"href":"https:\/\/agora.xtec.cat\/ceip-santacreu-anglesola\/wp-json\/wp\/v2\/posts\/5461","targetHints":{"allow":["GET"]}}],"collection":[{"href":"https:\/\/agora.xtec.cat\/ceip-santacreu-anglesola\/wp-json\/wp\/v2\/posts"}],"about":[{"href":"https:\/\/agora.xtec.cat\/ceip-santacreu-anglesola\/wp-json\/wp\/v2\/types\/post"}],"author":[{"embeddable":true,"href":"https:\/\/agora.xtec.cat\/ceip-santacreu-anglesola\/wp-json\/wp\/v2\/users\/1"}],"replies":[{"embeddable":true,"href":"https:\/\/agora.xtec.cat\/ceip-santacreu-anglesola\/wp-json\/wp\/v2\/comments?post=5461"}],"version-history":[{"count":3,"href":"https:\/\/agora.xtec.cat\/ceip-santacreu-anglesola\/wp-json\/wp\/v2\/posts\/5461\/revisions"}],"predecessor-version":[{"id":6231,"href":"https:\/\/agora.xtec.cat\/ceip-santacreu-anglesola\/wp-json\/wp\/v2\/posts\/5461\/revisions\/6231"}],"wp:attachment":[{"href":"https:\/\/agora.xtec.cat\/ceip-santacreu-anglesola\/wp-json\/wp\/v2\/media?parent=5461"}],"wp:term":[{"taxonomy":"category","embeddable":true,"href":"https:\/\/agora.xtec.cat\/ceip-santacreu-anglesola\/wp-json\/wp\/v2\/categories?post=5461"},{"taxonomy":"post_tag","embeddable":true,"href":"https:\/\/agora.xtec.cat\/ceip-santacreu-anglesola\/wp-json\/wp\/v2\/tags?post=5461"}],"curies":[{"name":"wp","href":"https:\/\/api.w.org\/{rel}","templated":true}]}}