{"id":5454,"date":"2022-11-04T12:10:13","date_gmt":"2022-11-04T11:10:13","guid":{"rendered":"https:\/\/agora.xtec.cat\/ceip-santacreu-anglesola\/?p=5454"},"modified":"2022-11-04T12:10:13","modified_gmt":"2022-11-04T11:10:13","slug":"varis-temes-educatius-dinteres","status":"publish","type":"post","link":"https:\/\/agora.xtec.cat\/ceip-santacreu-anglesola\/portada\/varis-temes-educatius-dinteres\/","title":{"rendered":"Varis temes educatius d&#8217;inter\u00e8s"},"content":{"rendered":"<p>Aquest mes us compartim dos articles i un v\u00eddeo.<\/p>\n<p>El primer article, de la Cristina Guti\u00e9rrez, experta en educaci\u00f3 emocional\u00a0 i directora de la casa de col\u00f2nies La Granja, ens dona pautes per a no sobre protegir els nostres fills i filles.<\/p>\n<p><a href=\"https:\/\/barcelona.lagranjatc.com\/wp-content\/uploads\/sites\/3\/2022\/10\/8-tips-necesaris-per-punxar-la-bombolla_CAT.pdf\">https:\/\/barcelona.lagranjatc.com\/wp-content\/uploads\/sites\/3\/2022\/10\/8-tips-necesaris-per-punxar-la-bombolla_CAT.pdf<\/a><\/p>\n<p>El segon, a partir del llibre del Dr.I\u00e7ami Tiba, ens ajuda a reflexionar sobre si estem posant l\u00edmits als nostres infants:<\/p>\n<p><a href=\"https:\/\/www.bioguia.com\/entretenimiento\/experto-alerta-padres-no-poner-limites-hijos-tendran-apoyarlos-vida_107500009.html\">https:\/\/www.bioguia.com\/entretenimiento\/experto-alerta-padres-no-poner-limites-hijos-tendran-apoyarlos-vida_107500009.html<\/a><\/p>\n<p>El v\u00eddeo, \u00e9s una entrevista de 32 minuts al psic\u00f2leg Rafa Guerrero que ens explica com funciona el cervell dels infants i joves i ens dona consells per a fer front a algunes situacions.<\/p>\n<p><a href=\"https:\/\/www.youtube.com\/watch?v=l_HcwKZ-6ek&amp;t=16s\">https:\/\/www.youtube.com\/watch?v=l_HcwKZ-6ek&amp;t=16s<\/a><\/p>\n<p>&nbsp;<\/p>\n","protected":false},"excerpt":{"rendered":"<p>Aquest mes us compartim dos articles i un v\u00eddeo.<br \/>\nEl primer article, de la Cristina Guti\u00e9rrez, experta en educaci\u00f3 emocional\u00a0 i directora de la casa de col\u00f2nies La Granja, ens dona pautes per a no sobre protegir els nostres fills i filles.<br \/>\n<a href=\"https:\/\/barcelona.lagranjatc.com\/wp-content\/uploads\/sites\/3\/2022\/10\/8-tips-necesaris-per-punxar-la-bombolla_CAT.pdf\">https:\/\/barcelona.lagranjatc.com\/wp-content\/uploads\/sites\/3\/2022\/10\/8-tips-necesaris-per-punxar-la-bombolla_CAT.pdf<\/a><br \/>\nEl segon, a partir&hellip;  <a href=\"https:\/\/agora.xtec.cat\/ceip-santacreu-anglesola\/portada\/varis-temes-educatius-dinteres\/\" title=\"Read Varis temes educatius d&#8217;inter\u00e8s\">Llegeix m\u00e9s\u00bb<\/a><\/p>\n","protected":false},"author":3,"featured_media":5457,"comment_status":"open","ping_status":"closed","sticky":false,"template":"","format":"standard","meta":{"_bbp_topic_count":0,"_bbp_reply_count":0,"_bbp_total_topic_count":0,"_bbp_total_reply_count":0,"_bbp_voice_count":0,"_bbp_anonymous_reply_count":0,"_bbp_topic_count_hidden":0,"_bbp_reply_count_hidden":0,"_bbp_forum_subforum_count":0,"footnotes":""},"categories":[54,4],"tags":[],"class_list":["post-5454","post","type-post","status-publish","format-standard","has-post-thumbnail","hentry","category-articles","category-portada"],"post_mailing_queue_ids":[],"_links":{"self":[{"href":"https:\/\/agora.xtec.cat\/ceip-santacreu-anglesola\/wp-json\/wp\/v2\/posts\/5454","targetHints":{"allow":["GET"]}}],"collection":[{"href":"https:\/\/agora.xtec.cat\/ceip-santacreu-anglesola\/wp-json\/wp\/v2\/posts"}],"about":[{"href":"https:\/\/agora.xtec.cat\/ceip-santacreu-anglesola\/wp-json\/wp\/v2\/types\/post"}],"author":[{"embeddable":true,"href":"https:\/\/agora.xtec.cat\/ceip-santacreu-anglesola\/wp-json\/wp\/v2\/users\/3"}],"replies":[{"embeddable":true,"href":"https:\/\/agora.xtec.cat\/ceip-santacreu-anglesola\/wp-json\/wp\/v2\/comments?post=5454"}],"version-history":[{"count":2,"href":"https:\/\/agora.xtec.cat\/ceip-santacreu-anglesola\/wp-json\/wp\/v2\/posts\/5454\/revisions"}],"predecessor-version":[{"id":5456,"href":"https:\/\/agora.xtec.cat\/ceip-santacreu-anglesola\/wp-json\/wp\/v2\/posts\/5454\/revisions\/5456"}],"wp:featuredmedia":[{"embeddable":true,"href":"https:\/\/agora.xtec.cat\/ceip-santacreu-anglesola\/wp-json\/wp\/v2\/media\/5457"}],"wp:attachment":[{"href":"https:\/\/agora.xtec.cat\/ceip-santacreu-anglesola\/wp-json\/wp\/v2\/media?parent=5454"}],"wp:term":[{"taxonomy":"category","embeddable":true,"href":"https:\/\/agora.xtec.cat\/ceip-santacreu-anglesola\/wp-json\/wp\/v2\/categories?post=5454"},{"taxonomy":"post_tag","embeddable":true,"href":"https:\/\/agora.xtec.cat\/ceip-santacreu-anglesola\/wp-json\/wp\/v2\/tags?post=5454"}],"curies":[{"name":"wp","href":"https:\/\/api.w.org\/{rel}","templated":true}]}}