{"id":5413,"date":"2022-11-08T11:33:18","date_gmt":"2022-11-08T10:33:18","guid":{"rendered":"https:\/\/agora.xtec.cat\/ceip-santacreu-anglesola\/?p=5413"},"modified":"2023-09-05T10:52:39","modified_gmt":"2023-09-05T08:52:39","slug":"castanyada","status":"publish","type":"post","link":"https:\/\/agora.xtec.cat\/ceip-santacreu-anglesola\/general\/castanyada\/","title":{"rendered":"CASTANYADA"},"content":{"rendered":"<p>El divendres dia 28 d&#8217;octubre, durant la tarda, vam celebrar la tradicional festa de la Castanyada. Va ser una festa molt divertida on els m\u00e9s petits de l&#8217;escola, i aquells m\u00e9s grans que tamb\u00e9 van voler, van venir vestits de castanyers i castanyeres.<\/p>\n<p>Al pati de l&#8217;escola, ens va visitar una castanyera molt eixerida que ens va saludar i coure moltes castanyes!<\/p>\n<p>Mentrestant, ens vam reunir tot l&#8217;alumnat de l&#8217;escola al Poliesportiu, i els nens i nenes de sis\u00e8, ens van animar a ballar unes danses que pr\u00e8viament hav\u00edem preparat a les classes de M\u00fasica.<\/p>\n<p>Tot seguit, per grup-classe, vam sortir a menjar les castanyes que la castanyera ens havia cuit\u00a0 i els panellets que havien preparat l&#8217;alumnat d&#8217;infantil. Estava tot bon\u00edssim!<\/p>\n<p>Despr\u00e9s, vam aprofitar per jugar tots junts al pati dels petits.<\/p>\n<p>Fins el proper any, Castanyera!<\/p>\n<p>Cliqueu la imatge per veure les fotografies:<\/p>\n<p><img loading=\"lazy\" decoding=\"async\" class=\"size-full wp-image-5481\" src=\"https:\/\/agora.xtec.cat\/ceip-santacreu-anglesola\/wp-content\/uploads\/usu483\/2022\/11\/is14122-image-kwysfzyx.jpg\" alt=\"\" width=\"800\" height=\"533\" srcset=\"https:\/\/agora.xtec.cat\/ceip-santacreu-anglesola\/wp-content\/uploads\/usu483\/2022\/11\/is14122-image-kwysfzyx.jpg 800w, https:\/\/agora.xtec.cat\/ceip-santacreu-anglesola\/wp-content\/uploads\/usu483\/2022\/11\/is14122-image-kwysfzyx-300x200.jpg 300w, https:\/\/agora.xtec.cat\/ceip-santacreu-anglesola\/wp-content\/uploads\/usu483\/2022\/11\/is14122-image-kwysfzyx-768x512.jpg 768w\" sizes=\"auto, (max-width: 800px) 100vw, 800px\" \/><\/p>\n<p>&nbsp;<\/p>\n","protected":false},"excerpt":{"rendered":"<p>El divendres dia 28 d&#8217;octubre, durant la tarda, vam celebrar la tradicional festa de la Castanyada. Va ser una festa molt divertida on els m\u00e9s petits de l&#8217;escola, i aquells m\u00e9s grans que tamb\u00e9 van voler, van venir vestits de castanyers i castanyeres.<br \/>\nAl pati de&hellip;  <a href=\"https:\/\/agora.xtec.cat\/ceip-santacreu-anglesola\/general\/castanyada\/\" title=\"Read CASTANYADA\">Llegeix m\u00e9s\u00bb<\/a><\/p>\n","protected":false},"author":24,"featured_media":0,"comment_status":"open","ping_status":"closed","sticky":false,"template":"","format":"standard","meta":{"_bbp_topic_count":0,"_bbp_reply_count":0,"_bbp_total_topic_count":0,"_bbp_total_reply_count":0,"_bbp_voice_count":0,"_bbp_anonymous_reply_count":0,"_bbp_topic_count_hidden":0,"_bbp_reply_count_hidden":0,"_bbp_forum_subforum_count":0,"footnotes":""},"categories":[1,4],"tags":[],"class_list":["post-5413","post","type-post","status-publish","format-standard","hentry","category-general","category-portada"],"post_mailing_queue_ids":[],"_links":{"self":[{"href":"https:\/\/agora.xtec.cat\/ceip-santacreu-anglesola\/wp-json\/wp\/v2\/posts\/5413","targetHints":{"allow":["GET"]}}],"collection":[{"href":"https:\/\/agora.xtec.cat\/ceip-santacreu-anglesola\/wp-json\/wp\/v2\/posts"}],"about":[{"href":"https:\/\/agora.xtec.cat\/ceip-santacreu-anglesola\/wp-json\/wp\/v2\/types\/post"}],"author":[{"embeddable":true,"href":"https:\/\/agora.xtec.cat\/ceip-santacreu-anglesola\/wp-json\/wp\/v2\/users\/24"}],"replies":[{"embeddable":true,"href":"https:\/\/agora.xtec.cat\/ceip-santacreu-anglesola\/wp-json\/wp\/v2\/comments?post=5413"}],"version-history":[{"count":3,"href":"https:\/\/agora.xtec.cat\/ceip-santacreu-anglesola\/wp-json\/wp\/v2\/posts\/5413\/revisions"}],"predecessor-version":[{"id":6229,"href":"https:\/\/agora.xtec.cat\/ceip-santacreu-anglesola\/wp-json\/wp\/v2\/posts\/5413\/revisions\/6229"}],"wp:attachment":[{"href":"https:\/\/agora.xtec.cat\/ceip-santacreu-anglesola\/wp-json\/wp\/v2\/media?parent=5413"}],"wp:term":[{"taxonomy":"category","embeddable":true,"href":"https:\/\/agora.xtec.cat\/ceip-santacreu-anglesola\/wp-json\/wp\/v2\/categories?post=5413"},{"taxonomy":"post_tag","embeddable":true,"href":"https:\/\/agora.xtec.cat\/ceip-santacreu-anglesola\/wp-json\/wp\/v2\/tags?post=5413"}],"curies":[{"name":"wp","href":"https:\/\/api.w.org\/{rel}","templated":true}]}}