{"id":5397,"date":"2022-10-26T11:50:02","date_gmt":"2022-10-26T09:50:02","guid":{"rendered":"https:\/\/agora.xtec.cat\/ceip-santacreu-anglesola\/?p=5397"},"modified":"2023-09-05T10:56:01","modified_gmt":"2023-09-05T08:56:01","slug":"tallers-espacials-i-de-natura","status":"publish","type":"post","link":"https:\/\/agora.xtec.cat\/ceip-santacreu-anglesola\/general\/tallers-espacials-i-de-natura\/","title":{"rendered":"TALLERS ESPACIALS I DE NATURA"},"content":{"rendered":"<p>Els passat dimecres 19 d&#8217;octubre, els alumnes de cinqu\u00e8 de prim\u00e0ria vam realitzar dos tallers.<\/p>\n<p>El primer, que tamb\u00e9 va realitzar la classe de quart, anava sobre el sistema solar. Vam aprendre moltes coses com: que \u00e9s un lux\u00edmetre, els signes del zod\u00edac, les constel\u00b7lacions&#8230;Tamb\u00e9 vam fer un telescopi casol\u00e0.<\/p>\n<p>El segon taller, que vam fer juntament amb la classe de sis\u00e8, ens van visitar dos agents rurals. Ens van explicar els animals que estan en perill d&#8217;extinci\u00f3 i vam fer una activitat molt divertida: alliberar un tipus d&#8217;\u00e0liga.<\/p>\n<p>Vam aprendre i gaudir molt durant tot el mat\u00ed.<\/p>\n<h2><strong>Per veure les fotos clica<\/strong> <strong>AQU\u00cd<\/strong><\/h2>\n<p>&nbsp;<\/p>\n","protected":false},"excerpt":{"rendered":"<p>Els passat dimecres 19 d&#8217;octubre, els alumnes de cinqu\u00e8 de prim\u00e0ria vam realitzar dos tallers.<br \/>\nEl primer, que tamb\u00e9 va realitzar la classe de quart, anava sobre el sistema solar. Vam aprendre moltes coses com: que \u00e9s un lux\u00edmetre, els signes del zod\u00edac, les constel\u00b7lacions&#8230;Tamb\u00e9 vam&hellip;  <a href=\"https:\/\/agora.xtec.cat\/ceip-santacreu-anglesola\/general\/tallers-espacials-i-de-natura\/\" title=\"Read TALLERS ESPACIALS I DE NATURA\">Llegeix m\u00e9s\u00bb<\/a><\/p>\n","protected":false},"author":11,"featured_media":0,"comment_status":"open","ping_status":"closed","sticky":false,"template":"","format":"standard","meta":{"_bbp_topic_count":0,"_bbp_reply_count":0,"_bbp_total_topic_count":0,"_bbp_total_reply_count":0,"_bbp_voice_count":0,"_bbp_anonymous_reply_count":0,"_bbp_topic_count_hidden":0,"_bbp_reply_count_hidden":0,"_bbp_forum_subforum_count":0,"footnotes":""},"categories":[14,15,1,4,5],"tags":[],"class_list":["post-5397","post","type-post","status-publish","format-standard","hentry","category-5e","category-6e","category-general","category-portada","category-primaria"],"post_mailing_queue_ids":[],"_links":{"self":[{"href":"https:\/\/agora.xtec.cat\/ceip-santacreu-anglesola\/wp-json\/wp\/v2\/posts\/5397","targetHints":{"allow":["GET"]}}],"collection":[{"href":"https:\/\/agora.xtec.cat\/ceip-santacreu-anglesola\/wp-json\/wp\/v2\/posts"}],"about":[{"href":"https:\/\/agora.xtec.cat\/ceip-santacreu-anglesola\/wp-json\/wp\/v2\/types\/post"}],"author":[{"embeddable":true,"href":"https:\/\/agora.xtec.cat\/ceip-santacreu-anglesola\/wp-json\/wp\/v2\/users\/11"}],"replies":[{"embeddable":true,"href":"https:\/\/agora.xtec.cat\/ceip-santacreu-anglesola\/wp-json\/wp\/v2\/comments?post=5397"}],"version-history":[{"count":3,"href":"https:\/\/agora.xtec.cat\/ceip-santacreu-anglesola\/wp-json\/wp\/v2\/posts\/5397\/revisions"}],"predecessor-version":[{"id":6239,"href":"https:\/\/agora.xtec.cat\/ceip-santacreu-anglesola\/wp-json\/wp\/v2\/posts\/5397\/revisions\/6239"}],"wp:attachment":[{"href":"https:\/\/agora.xtec.cat\/ceip-santacreu-anglesola\/wp-json\/wp\/v2\/media?parent=5397"}],"wp:term":[{"taxonomy":"category","embeddable":true,"href":"https:\/\/agora.xtec.cat\/ceip-santacreu-anglesola\/wp-json\/wp\/v2\/categories?post=5397"},{"taxonomy":"post_tag","embeddable":true,"href":"https:\/\/agora.xtec.cat\/ceip-santacreu-anglesola\/wp-json\/wp\/v2\/tags?post=5397"}],"curies":[{"name":"wp","href":"https:\/\/api.w.org\/{rel}","templated":true}]}}