{"id":5374,"date":"2022-10-14T14:10:38","date_gmt":"2022-10-14T12:10:38","guid":{"rendered":"https:\/\/agora.xtec.cat\/ceip-santacreu-anglesola\/?p=5374"},"modified":"2023-09-05T10:56:55","modified_gmt":"2023-09-05T08:56:55","slug":"teatre-andromines-i4-i-i5","status":"publish","type":"post","link":"https:\/\/agora.xtec.cat\/ceip-santacreu-anglesola\/portada\/teatre-andromines-i4-i-i5\/","title":{"rendered":"TEATRE ANDR\u00d2MINES I4 I I5"},"content":{"rendered":"<p>El dia 13 d&#8217;octubre els alumnes de EI4 i EI5 hem anat al teatre Ateneu de T\u00e0rrega a veure l&#8217;espectacle musical Andr\u00f2mines.<\/p>\n<p>L&#8217;actuaci\u00f3 ens ha agradat molt\u00edssim, doncs hem gaudit de la m\u00fasica acompanyada de llum i ombres, fum i color, purpurina i aigua&#8230; i molts elements que han atret la nostra atenci\u00f3 i ens han robat m\u00e9s d&#8217;una rialla.<\/p>\n<p>Per visualitzar les fotografies premeu la imatge:<\/p>\n<p><img loading=\"lazy\" decoding=\"async\" class=\"alignnone wp-image-5375 size-full\" src=\"https:\/\/agora.xtec.cat\/ceip-santacreu-anglesola\/wp-content\/uploads\/usu483\/2022\/10\/ESPECTACLE.jpg\" alt=\"\" width=\"275\" height=\"183\" \/><\/p>\n","protected":false},"excerpt":{"rendered":"<p>El dia 13 d&#8217;octubre els alumnes de EI4 i EI5 hem anat al teatre Ateneu de T\u00e0rrega a veure l&#8217;espectacle musical Andr\u00f2mines.<br \/>\nL&#8217;actuaci\u00f3 ens ha agradat molt\u00edssim, doncs hem gaudit de la m\u00fasica acompanyada de llum i ombres, fum i color, purpurina i aigua&#8230; i molts&hellip;  <a href=\"https:\/\/agora.xtec.cat\/ceip-santacreu-anglesola\/portada\/teatre-andromines-i4-i-i5\/\" title=\"Read TEATRE ANDR\u00d2MINES I4 I I5\">Llegeix m\u00e9s\u00bb<\/a><\/p>\n","protected":false},"author":1,"featured_media":0,"comment_status":"open","ping_status":"closed","sticky":false,"template":"","format":"standard","meta":{"_bbp_topic_count":0,"_bbp_reply_count":0,"_bbp_total_topic_count":0,"_bbp_total_reply_count":0,"_bbp_voice_count":0,"_bbp_anonymous_reply_count":0,"_bbp_topic_count_hidden":0,"_bbp_reply_count_hidden":0,"_bbp_forum_subforum_count":0,"footnotes":""},"categories":[8,9,4],"tags":[],"class_list":["post-5374","post","type-post","status-publish","format-standard","hentry","category-p4","category-p5","category-portada"],"post_mailing_queue_ids":[],"_links":{"self":[{"href":"https:\/\/agora.xtec.cat\/ceip-santacreu-anglesola\/wp-json\/wp\/v2\/posts\/5374","targetHints":{"allow":["GET"]}}],"collection":[{"href":"https:\/\/agora.xtec.cat\/ceip-santacreu-anglesola\/wp-json\/wp\/v2\/posts"}],"about":[{"href":"https:\/\/agora.xtec.cat\/ceip-santacreu-anglesola\/wp-json\/wp\/v2\/types\/post"}],"author":[{"embeddable":true,"href":"https:\/\/agora.xtec.cat\/ceip-santacreu-anglesola\/wp-json\/wp\/v2\/users\/1"}],"replies":[{"embeddable":true,"href":"https:\/\/agora.xtec.cat\/ceip-santacreu-anglesola\/wp-json\/wp\/v2\/comments?post=5374"}],"version-history":[{"count":3,"href":"https:\/\/agora.xtec.cat\/ceip-santacreu-anglesola\/wp-json\/wp\/v2\/posts\/5374\/revisions"}],"predecessor-version":[{"id":6242,"href":"https:\/\/agora.xtec.cat\/ceip-santacreu-anglesola\/wp-json\/wp\/v2\/posts\/5374\/revisions\/6242"}],"wp:attachment":[{"href":"https:\/\/agora.xtec.cat\/ceip-santacreu-anglesola\/wp-json\/wp\/v2\/media?parent=5374"}],"wp:term":[{"taxonomy":"category","embeddable":true,"href":"https:\/\/agora.xtec.cat\/ceip-santacreu-anglesola\/wp-json\/wp\/v2\/categories?post=5374"},{"taxonomy":"post_tag","embeddable":true,"href":"https:\/\/agora.xtec.cat\/ceip-santacreu-anglesola\/wp-json\/wp\/v2\/tags?post=5374"}],"curies":[{"name":"wp","href":"https:\/\/api.w.org\/{rel}","templated":true}]}}