{"id":5373,"date":"2022-10-16T20:34:30","date_gmt":"2022-10-16T18:34:30","guid":{"rendered":"https:\/\/agora.xtec.cat\/ceip-santacreu-anglesola\/?p=5373"},"modified":"2023-09-05T10:56:40","modified_gmt":"2023-09-05T08:56:40","slug":"els-delegats-de-2n","status":"publish","type":"post","link":"https:\/\/agora.xtec.cat\/ceip-santacreu-anglesola\/portada\/els-delegats-de-2n\/","title":{"rendered":"Els delegats de 2n"},"content":{"rendered":"<p>&nbsp;<\/p>\n<p><img loading=\"lazy\" decoding=\"async\" class=\"alignnone wp-image-5382 size-full\" src=\"https:\/\/agora.xtec.cat\/ceip-santacreu-anglesola\/wp-content\/uploads\/usu483\/2022\/10\/fem-un-gran-equip.jpg\" alt=\"\" width=\"640\" height=\"451\" srcset=\"https:\/\/agora.xtec.cat\/ceip-santacreu-anglesola\/wp-content\/uploads\/usu483\/2022\/10\/fem-un-gran-equip.jpg 640w, https:\/\/agora.xtec.cat\/ceip-santacreu-anglesola\/wp-content\/uploads\/usu483\/2022\/10\/fem-un-gran-equip-300x211.jpg 300w\" sizes=\"auto, (max-width: 640px) 100vw, 640px\" \/><\/p>\n<p>&nbsp;<\/p>\n<p>&nbsp;<\/p>\n<p>&nbsp;<\/p>\n<p>&nbsp;<\/p>\n<p>Aquest curs, els alumnes de 2n, hem tornat a escollir els nostres delegats, per\u00f2 com es nota que ens hem fet grans!<\/p>\n<p>Per un moment vam comparar-ho, amb els processos que fan els pol\u00edtics, ja que a 2n estem al dia en tots els \u00e0mbits, i vam veure que ten\u00edem de seguir una s\u00e8rie de passos per tal de que ens escollissin com a\u00a0 delegat\/da.<\/p>\n<p>El primer dia la senyoreta ens va tornar a explicar en que consistia ser delegat o delegada, a continuaci\u00f3 cadasc\u00fa a casa seva, va pensar si es volia presentar, en cas que si, havia d&#8217;exposar i alhora explicar els motius del perqu\u00e8 creia que podia ser un bon candidat a la resta de la classe, ten\u00edem uns dies per preparar-ho. El dia que vam acordar,\u00a0 vam exposar els motius que creiem que ten\u00edem per a ser el delegat de 2n. A continuaci\u00f3 vam realitzar les votacions, un proc\u00e9s llarg, ple de nervis i inquietuds, al final van sortir els resultats, i vam estar super contents dels resultats dels nostres delegats.<\/p>\n<p>El divendres dia 9 ja vam realitzar la primera reuni\u00f3 amb la resta de companys delegats de l&#8217;escola, i el dilluns dia 10 ja ho vam explicar a la resta de companys de la classe.<\/p>\n<p>Enhorabona delegats!<\/p>\n<p>La classe de 2n<\/p>\n<p>&nbsp;<\/p>\n","protected":false},"excerpt":{"rendered":"<p>&nbsp;<\/p>\n<p>&nbsp;<br \/>\n&nbsp;<br \/>\n&nbsp;<br \/>\n&nbsp;<br \/>\nAquest curs, els alumnes de 2n, hem tornat a escollir els nostres delegats, per\u00f2 com es nota que ens hem fet grans!<br \/>\nPer un moment vam comparar-ho, amb els processos que fan els pol\u00edtics, ja que a 2n estem al dia en tots els \u00e0mbits, i&hellip;  <a href=\"https:\/\/agora.xtec.cat\/ceip-santacreu-anglesola\/portada\/els-delegats-de-2n\/\" title=\"Read Els delegats de 2n\">Llegeix m\u00e9s\u00bb<\/a><\/p>\n","protected":false},"author":1,"featured_media":0,"comment_status":"open","ping_status":"closed","sticky":false,"template":"","format":"standard","meta":{"_bbp_topic_count":0,"_bbp_reply_count":0,"_bbp_total_topic_count":0,"_bbp_total_reply_count":0,"_bbp_voice_count":0,"_bbp_anonymous_reply_count":0,"_bbp_topic_count_hidden":0,"_bbp_reply_count_hidden":0,"_bbp_forum_subforum_count":0,"footnotes":""},"categories":[4],"tags":[],"class_list":["post-5373","post","type-post","status-publish","format-standard","hentry","category-portada"],"post_mailing_queue_ids":[],"_links":{"self":[{"href":"https:\/\/agora.xtec.cat\/ceip-santacreu-anglesola\/wp-json\/wp\/v2\/posts\/5373","targetHints":{"allow":["GET"]}}],"collection":[{"href":"https:\/\/agora.xtec.cat\/ceip-santacreu-anglesola\/wp-json\/wp\/v2\/posts"}],"about":[{"href":"https:\/\/agora.xtec.cat\/ceip-santacreu-anglesola\/wp-json\/wp\/v2\/types\/post"}],"author":[{"embeddable":true,"href":"https:\/\/agora.xtec.cat\/ceip-santacreu-anglesola\/wp-json\/wp\/v2\/users\/1"}],"replies":[{"embeddable":true,"href":"https:\/\/agora.xtec.cat\/ceip-santacreu-anglesola\/wp-json\/wp\/v2\/comments?post=5373"}],"version-history":[{"count":3,"href":"https:\/\/agora.xtec.cat\/ceip-santacreu-anglesola\/wp-json\/wp\/v2\/posts\/5373\/revisions"}],"predecessor-version":[{"id":6241,"href":"https:\/\/agora.xtec.cat\/ceip-santacreu-anglesola\/wp-json\/wp\/v2\/posts\/5373\/revisions\/6241"}],"wp:attachment":[{"href":"https:\/\/agora.xtec.cat\/ceip-santacreu-anglesola\/wp-json\/wp\/v2\/media?parent=5373"}],"wp:term":[{"taxonomy":"category","embeddable":true,"href":"https:\/\/agora.xtec.cat\/ceip-santacreu-anglesola\/wp-json\/wp\/v2\/categories?post=5373"},{"taxonomy":"post_tag","embeddable":true,"href":"https:\/\/agora.xtec.cat\/ceip-santacreu-anglesola\/wp-json\/wp\/v2\/tags?post=5373"}],"curies":[{"name":"wp","href":"https:\/\/api.w.org\/{rel}","templated":true}]}}