{"id":5340,"date":"2022-09-28T12:06:45","date_gmt":"2022-09-28T10:06:45","guid":{"rendered":"https:\/\/agora.xtec.cat\/ceip-santacreu-anglesola\/?p=5340"},"modified":"2023-09-05T10:58:29","modified_gmt":"2023-09-05T08:58:29","slug":"setmana-europea-de-lesport","status":"publish","type":"post","link":"https:\/\/agora.xtec.cat\/ceip-santacreu-anglesola\/general\/setmana-europea-de-lesport\/","title":{"rendered":"SETMANA EUROPEA DE L&#8217;ESPORT"},"content":{"rendered":"<p>Del 23 al 30 de setembre ha comen\u00e7at la <b>SETMANA EUROPEA DE L\u2019ESPORT<\/b> , una iniciativa promoguda per la <b>Comissi\u00f3 Europea<\/b>\u00a0que es<b>\u00a0<\/b>celebra simult\u00e0niament a tota Europa. L\u2019objectiu \u00e9s promoure i impulsar la pr\u00e0ctica de l&#8217;esport i l&#8217;activitat f\u00edsica a escala nacional, regional i local, animant la ciutadania a adoptar un estil de vida actiu i m\u00e9s saludable i combatre el sedentarisme.<\/p>\n<p>Des de l&#8217;escola hem volgut participar en aquesta iniciativa amb l&#8217;activitat <strong>&#8220;Saltem a corda per la salut&#8221;<\/strong>, on els alumnes de Cicle Superior han realitzat de manera simult\u00e0nia 2022 salts.<\/p>\n<p>En el seg\u00fcent enlla\u00e7 trobareu el document on hi ha registrada de manera oficial la nostra activitat (p\u00e0gina 18): <strong>ENLLA\u00c7<\/strong><\/p>\n<h3>I recordeu&#8230; #BeActive<\/h3>\n\n\t\t<style type=\"text\/css\">\n\t\t\t#gallery-1 {\n\t\t\t\tmargin: auto;\n\t\t\t}\n\t\t\t#gallery-1 .gallery-item {\n\t\t\t\tfloat: left;\n\t\t\t\tmargin-top: 10px;\n\t\t\t\ttext-align: center;\n\t\t\t\twidth: 33%;\n\t\t\t}\n\t\t\t#gallery-1 img {\n\t\t\t\tborder: 2px solid #cfcfcf;\n\t\t\t}\n\t\t\t#gallery-1 .gallery-caption {\n\t\t\t\tmargin-left: 0;\n\t\t\t}\n\t\t\t\/* see gallery_shortcode() in wp-includes\/media.php *\/\n\t\t<\/style>\n\t\t<div id='gallery-1' class='gallery galleryid-5340 gallery-columns-3 gallery-size-thumbnail'><dl class='gallery-item'>\n\t\t\t<dt class='gallery-icon landscape'>\n\t\t\t\t<a href='https:\/\/agora.xtec.cat\/ceip-santacreu-anglesola\/general\/setmana-europea-de-lesport\/attachment\/1664358518586\/'><img loading=\"lazy\" decoding=\"async\" width=\"150\" height=\"150\" src=\"https:\/\/agora.xtec.cat\/ceip-santacreu-anglesola\/wp-content\/uploads\/usu483\/2022\/09\/1664358518586-150x150.jpg\" class=\"attachment-thumbnail size-thumbnail\" alt=\"\" aria-describedby=\"gallery-1-5342\" \/><\/a>\n\t\t\t<\/dt>\n\t\t\t\t<dd class='wp-caption-text gallery-caption' id='gallery-1-5342'>\n\t\t\t\tSaltem per la salut\n\t\t\t\t<\/dd><\/dl><dl class='gallery-item'>\n\t\t\t<dt class='gallery-icon landscape'>\n\t\t\t\t<a href='https:\/\/agora.xtec.cat\/ceip-santacreu-anglesola\/general\/setmana-europea-de-lesport\/attachment\/image003\/'><img loading=\"lazy\" decoding=\"async\" width=\"150\" height=\"150\" src=\"https:\/\/agora.xtec.cat\/ceip-santacreu-anglesola\/wp-content\/uploads\/usu483\/2022\/09\/image003-150x150.png\" class=\"attachment-thumbnail size-thumbnail\" alt=\"\" aria-describedby=\"gallery-1-5341\" \/><\/a>\n\t\t\t<\/dt>\n\t\t\t\t<dd class='wp-caption-text gallery-caption' id='gallery-1-5341'>\n\t\t\t\tBe Active\n\t\t\t\t<\/dd><\/dl>\n\t\t\t<br style='clear: both' \/>\n\t\t<\/div>\n\n","protected":false},"excerpt":{"rendered":"<p>Del 23 al 30 de setembre ha comen\u00e7at la SETMANA EUROPEA DE L\u2019ESPORT , una iniciativa promoguda per la Comissi\u00f3 Europea\u00a0que es\u00a0celebra simult\u00e0niament a tota Europa. L\u2019objectiu \u00e9s promoure i impulsar la pr\u00e0ctica de l&#8217;esport i l&#8217;activitat f\u00edsica a escala nacional, regional i local, animant&hellip;  <a href=\"https:\/\/agora.xtec.cat\/ceip-santacreu-anglesola\/general\/setmana-europea-de-lesport\/\" title=\"Read SETMANA EUROPEA DE L&#8217;ESPORT\">Llegeix m\u00e9s\u00bb<\/a><\/p>\n","protected":false},"author":11,"featured_media":0,"comment_status":"open","ping_status":"closed","sticky":false,"template":"","format":"standard","meta":{"_bbp_topic_count":0,"_bbp_reply_count":0,"_bbp_total_topic_count":0,"_bbp_total_reply_count":0,"_bbp_voice_count":0,"_bbp_anonymous_reply_count":0,"_bbp_topic_count_hidden":0,"_bbp_reply_count_hidden":0,"_bbp_forum_subforum_count":0,"footnotes":""},"categories":[1,4],"tags":[],"class_list":["post-5340","post","type-post","status-publish","format-standard","hentry","category-general","category-portada"],"post_mailing_queue_ids":[],"_links":{"self":[{"href":"https:\/\/agora.xtec.cat\/ceip-santacreu-anglesola\/wp-json\/wp\/v2\/posts\/5340","targetHints":{"allow":["GET"]}}],"collection":[{"href":"https:\/\/agora.xtec.cat\/ceip-santacreu-anglesola\/wp-json\/wp\/v2\/posts"}],"about":[{"href":"https:\/\/agora.xtec.cat\/ceip-santacreu-anglesola\/wp-json\/wp\/v2\/types\/post"}],"author":[{"embeddable":true,"href":"https:\/\/agora.xtec.cat\/ceip-santacreu-anglesola\/wp-json\/wp\/v2\/users\/11"}],"replies":[{"embeddable":true,"href":"https:\/\/agora.xtec.cat\/ceip-santacreu-anglesola\/wp-json\/wp\/v2\/comments?post=5340"}],"version-history":[{"count":2,"href":"https:\/\/agora.xtec.cat\/ceip-santacreu-anglesola\/wp-json\/wp\/v2\/posts\/5340\/revisions"}],"predecessor-version":[{"id":6245,"href":"https:\/\/agora.xtec.cat\/ceip-santacreu-anglesola\/wp-json\/wp\/v2\/posts\/5340\/revisions\/6245"}],"wp:attachment":[{"href":"https:\/\/agora.xtec.cat\/ceip-santacreu-anglesola\/wp-json\/wp\/v2\/media?parent=5340"}],"wp:term":[{"taxonomy":"category","embeddable":true,"href":"https:\/\/agora.xtec.cat\/ceip-santacreu-anglesola\/wp-json\/wp\/v2\/categories?post=5340"},{"taxonomy":"post_tag","embeddable":true,"href":"https:\/\/agora.xtec.cat\/ceip-santacreu-anglesola\/wp-json\/wp\/v2\/tags?post=5340"}],"curies":[{"name":"wp","href":"https:\/\/api.w.org\/{rel}","templated":true}]}}