{"id":5337,"date":"2022-09-27T09:59:54","date_gmt":"2022-09-27T07:59:54","guid":{"rendered":"https:\/\/agora.xtec.cat\/ceip-santacreu-anglesola\/?p=5337"},"modified":"2022-09-27T09:59:54","modified_gmt":"2022-09-27T07:59:54","slug":"deixem-als-infants-que-es-frustrin","status":"publish","type":"post","link":"https:\/\/agora.xtec.cat\/ceip-santacreu-anglesola\/general\/deixem-als-infants-que-es-frustrin\/","title":{"rendered":"Deixem als infants que es frustrin"},"content":{"rendered":"<p>Per comen\u00e7ar el curs us compartim dos articles.<\/p>\n<p>El primer ens parla de com n&#8217;\u00e9s d&#8217;important que els infants aprenguin a frustrar-se i a estar tristos. Per poder llegir l&#8217;article se us demana que us registreu. Fer-ho \u00e9s gratu\u00eft i permet llegir uns 10 articles al mes.<\/p>\n<p><a href=\"https:\/\/criatures.ara.cat\/infancia\/deixeu-frustrin-entristeixin_130_4406733.html\">https:\/\/criatures.ara.cat\/infancia\/deixeu-frustrin-entristeixin_130_4406733.html<\/a><\/p>\n<p>Aquest segon article ens explica dels beneficis d&#8217;estar a la natura. Veureu que l&#8217;article va m\u00e9s dirigit a persones que viuen en grans ciutats per\u00f2 creiem que \u00e9s \u00fatil per a tothom ja que cada cop m\u00e9s els infants i joves passen menys hores a la natura i m\u00e9s a casa davant de pantalles.<\/p>\n<p><a href=\"https:\/\/www.social.cat\/noticia\/17465\/per-que-passejar-pel-camp-amanseix-el-nostre-cervell\">https:\/\/www.social.cat\/noticia\/17465\/per-que-passejar-pel-camp-amanseix-el-nostre-cervell<\/a><\/p>\n<p>Desitgem que siguin del vostre inter\u00e8s.<\/p>\n","protected":false},"excerpt":{"rendered":"<p>Per comen\u00e7ar el curs us compartim dos articles.<br \/>\nEl primer ens parla de com n&#8217;\u00e9s d&#8217;important que els infants aprenguin a frustrar-se i a estar tristos. Per poder llegir l&#8217;article se us demana que us registreu. Fer-ho \u00e9s gratu\u00eft i permet llegir uns 10 articles al&hellip;  <a href=\"https:\/\/agora.xtec.cat\/ceip-santacreu-anglesola\/general\/deixem-als-infants-que-es-frustrin\/\" title=\"Read Deixem als infants que es frustrin\">Llegeix m\u00e9s\u00bb<\/a><\/p>\n","protected":false},"author":3,"featured_media":0,"comment_status":"open","ping_status":"closed","sticky":false,"template":"","format":"standard","meta":{"_bbp_topic_count":0,"_bbp_reply_count":0,"_bbp_total_topic_count":0,"_bbp_total_reply_count":0,"_bbp_voice_count":0,"_bbp_anonymous_reply_count":0,"_bbp_topic_count_hidden":0,"_bbp_reply_count_hidden":0,"_bbp_forum_subforum_count":0,"footnotes":""},"categories":[54,1,4],"tags":[],"class_list":["post-5337","post","type-post","status-publish","format-standard","hentry","category-articles","category-general","category-portada"],"post_mailing_queue_ids":[],"_links":{"self":[{"href":"https:\/\/agora.xtec.cat\/ceip-santacreu-anglesola\/wp-json\/wp\/v2\/posts\/5337","targetHints":{"allow":["GET"]}}],"collection":[{"href":"https:\/\/agora.xtec.cat\/ceip-santacreu-anglesola\/wp-json\/wp\/v2\/posts"}],"about":[{"href":"https:\/\/agora.xtec.cat\/ceip-santacreu-anglesola\/wp-json\/wp\/v2\/types\/post"}],"author":[{"embeddable":true,"href":"https:\/\/agora.xtec.cat\/ceip-santacreu-anglesola\/wp-json\/wp\/v2\/users\/3"}],"replies":[{"embeddable":true,"href":"https:\/\/agora.xtec.cat\/ceip-santacreu-anglesola\/wp-json\/wp\/v2\/comments?post=5337"}],"version-history":[{"count":2,"href":"https:\/\/agora.xtec.cat\/ceip-santacreu-anglesola\/wp-json\/wp\/v2\/posts\/5337\/revisions"}],"predecessor-version":[{"id":5339,"href":"https:\/\/agora.xtec.cat\/ceip-santacreu-anglesola\/wp-json\/wp\/v2\/posts\/5337\/revisions\/5339"}],"wp:attachment":[{"href":"https:\/\/agora.xtec.cat\/ceip-santacreu-anglesola\/wp-json\/wp\/v2\/media?parent=5337"}],"wp:term":[{"taxonomy":"category","embeddable":true,"href":"https:\/\/agora.xtec.cat\/ceip-santacreu-anglesola\/wp-json\/wp\/v2\/categories?post=5337"},{"taxonomy":"post_tag","embeddable":true,"href":"https:\/\/agora.xtec.cat\/ceip-santacreu-anglesola\/wp-json\/wp\/v2\/tags?post=5337"}],"curies":[{"name":"wp","href":"https:\/\/api.w.org\/{rel}","templated":true}]}}