{"id":5276,"date":"2022-06-27T10:37:00","date_gmt":"2022-06-27T08:37:00","guid":{"rendered":"https:\/\/agora.xtec.cat\/ceip-santacreu-anglesola\/?p=5276"},"modified":"2023-09-05T10:59:29","modified_gmt":"2023-09-05T08:59:29","slug":"6e-dia-jocs-de-cucanya-i-esmorzar","status":"publish","type":"post","link":"https:\/\/agora.xtec.cat\/ceip-santacreu-anglesola\/general\/6e-dia-jocs-de-cucanya-i-esmorzar\/","title":{"rendered":"6\u00e8 dia Jocs de cucanya i esmorzar"},"content":{"rendered":"<p>L&#8217;\u00faltim dia de la setmana cultural, els alumnes van poder gaudir dels jocs de cucanya ideats i dirigits pels nens i nenes de 6\u00e8. L&#8217;AMPA tamb\u00e9 hi va participar aportant coca, xocolata i aig\u00fces per tot l&#8217;alumnat. Per finalitzar el mat\u00ed i tancar el curs, ens vam acomiadar al pati amb &#8220;L&#8217;hora dels ad\u00e9us&#8221;.<\/p>\n<p>Feu clic a la imatge per veure amb detall el transcurs del dia.<\/p>\n<p><img loading=\"lazy\" decoding=\"async\" class=\"alignnone size-medium wp-image-5277\" src=\"https:\/\/agora.xtec.cat\/ceip-santacreu-anglesola\/wp-content\/uploads\/usu483\/2022\/06\/balloon-g61602eaa8_1920-300x200.jpg\" alt=\"\" width=\"300\" height=\"200\" srcset=\"https:\/\/agora.xtec.cat\/ceip-santacreu-anglesola\/wp-content\/uploads\/usu483\/2022\/06\/balloon-g61602eaa8_1920-300x200.jpg 300w, https:\/\/agora.xtec.cat\/ceip-santacreu-anglesola\/wp-content\/uploads\/usu483\/2022\/06\/balloon-g61602eaa8_1920-1024x683.jpg 1024w, https:\/\/agora.xtec.cat\/ceip-santacreu-anglesola\/wp-content\/uploads\/usu483\/2022\/06\/balloon-g61602eaa8_1920-768x512.jpg 768w, https:\/\/agora.xtec.cat\/ceip-santacreu-anglesola\/wp-content\/uploads\/usu483\/2022\/06\/balloon-g61602eaa8_1920-1536x1024.jpg 1536w, https:\/\/agora.xtec.cat\/ceip-santacreu-anglesola\/wp-content\/uploads\/usu483\/2022\/06\/balloon-g61602eaa8_1920.jpg 1920w\" sizes=\"auto, (max-width: 300px) 100vw, 300px\" \/><\/p>\n","protected":false},"excerpt":{"rendered":"<p>L&#8217;\u00faltim dia de la setmana cultural, els alumnes van poder gaudir dels jocs de cucanya ideats i dirigits pels nens i nenes de 6\u00e8. L&#8217;AMPA tamb\u00e9 hi va participar aportant coca, xocolata i aig\u00fces per tot l&#8217;alumnat. Per finalitzar el mat\u00ed i tancar el curs,&hellip;  <a href=\"https:\/\/agora.xtec.cat\/ceip-santacreu-anglesola\/general\/6e-dia-jocs-de-cucanya-i-esmorzar\/\" title=\"Read 6\u00e8 dia Jocs de cucanya i esmorzar\">Llegeix m\u00e9s\u00bb<\/a><\/p>\n","protected":false},"author":1,"featured_media":5277,"comment_status":"open","ping_status":"closed","sticky":false,"template":"","format":"standard","meta":{"_bbp_topic_count":0,"_bbp_reply_count":0,"_bbp_total_topic_count":0,"_bbp_total_reply_count":0,"_bbp_voice_count":0,"_bbp_anonymous_reply_count":0,"_bbp_topic_count_hidden":0,"_bbp_reply_count_hidden":0,"_bbp_forum_subforum_count":0,"footnotes":""},"categories":[1,4],"tags":[],"class_list":["post-5276","post","type-post","status-publish","format-standard","has-post-thumbnail","hentry","category-general","category-portada"],"post_mailing_queue_ids":[],"_links":{"self":[{"href":"https:\/\/agora.xtec.cat\/ceip-santacreu-anglesola\/wp-json\/wp\/v2\/posts\/5276","targetHints":{"allow":["GET"]}}],"collection":[{"href":"https:\/\/agora.xtec.cat\/ceip-santacreu-anglesola\/wp-json\/wp\/v2\/posts"}],"about":[{"href":"https:\/\/agora.xtec.cat\/ceip-santacreu-anglesola\/wp-json\/wp\/v2\/types\/post"}],"author":[{"embeddable":true,"href":"https:\/\/agora.xtec.cat\/ceip-santacreu-anglesola\/wp-json\/wp\/v2\/users\/1"}],"replies":[{"embeddable":true,"href":"https:\/\/agora.xtec.cat\/ceip-santacreu-anglesola\/wp-json\/wp\/v2\/comments?post=5276"}],"version-history":[{"count":3,"href":"https:\/\/agora.xtec.cat\/ceip-santacreu-anglesola\/wp-json\/wp\/v2\/posts\/5276\/revisions"}],"predecessor-version":[{"id":6248,"href":"https:\/\/agora.xtec.cat\/ceip-santacreu-anglesola\/wp-json\/wp\/v2\/posts\/5276\/revisions\/6248"}],"wp:featuredmedia":[{"embeddable":true,"href":"https:\/\/agora.xtec.cat\/ceip-santacreu-anglesola\/wp-json\/wp\/v2\/media\/5277"}],"wp:attachment":[{"href":"https:\/\/agora.xtec.cat\/ceip-santacreu-anglesola\/wp-json\/wp\/v2\/media?parent=5276"}],"wp:term":[{"taxonomy":"category","embeddable":true,"href":"https:\/\/agora.xtec.cat\/ceip-santacreu-anglesola\/wp-json\/wp\/v2\/categories?post=5276"},{"taxonomy":"post_tag","embeddable":true,"href":"https:\/\/agora.xtec.cat\/ceip-santacreu-anglesola\/wp-json\/wp\/v2\/tags?post=5276"}],"curies":[{"name":"wp","href":"https:\/\/api.w.org\/{rel}","templated":true}]}}