{"id":5257,"date":"2022-06-23T15:05:29","date_gmt":"2022-06-23T13:05:29","guid":{"rendered":"https:\/\/agora.xtec.cat\/ceip-santacreu-anglesola\/?p=5257"},"modified":"2023-09-05T10:59:54","modified_gmt":"2023-09-05T08:59:54","slug":"4t-dia-festival-i-orles-de-6e","status":"publish","type":"post","link":"https:\/\/agora.xtec.cat\/ceip-santacreu-anglesola\/general\/4t-dia-festival-i-orles-de-6e\/","title":{"rendered":"4t dia Festival i orles de 6\u00e8"},"content":{"rendered":"<p>El passat dilluns 20 de juny, els nens i nenes de l&#8217;escola van fer unes actuacions per celebrar el quart dia de la setmana cultural i per obrir les orles de 6\u00e8. Cadascun dels cursos va participar amb una actuaci\u00f3 \u00fanica preparada en diferents \u00e0rees, educaci\u00f3 f\u00edsica, m\u00fasica o b\u00e9 de manera interna. Finalment, vam acabar la jornada amb les orles de 6\u00e8 que van despertar les emocions de tothom.<\/p>\n<p>Feu clic aqu\u00ed per veure&#8217;n els v\u00eddeos<\/p>\n<p><img loading=\"lazy\" decoding=\"async\" class=\"alignnone size-medium wp-image-5262\" src=\"https:\/\/agora.xtec.cat\/ceip-santacreu-anglesola\/wp-content\/uploads\/usu483\/2022\/06\/audience-g29a3f6671_1920-300x199.jpg\" alt=\"\" width=\"300\" height=\"199\" srcset=\"https:\/\/agora.xtec.cat\/ceip-santacreu-anglesola\/wp-content\/uploads\/usu483\/2022\/06\/audience-g29a3f6671_1920-300x199.jpg 300w, https:\/\/agora.xtec.cat\/ceip-santacreu-anglesola\/wp-content\/uploads\/usu483\/2022\/06\/audience-g29a3f6671_1920-1024x678.jpg 1024w, https:\/\/agora.xtec.cat\/ceip-santacreu-anglesola\/wp-content\/uploads\/usu483\/2022\/06\/audience-g29a3f6671_1920-768x508.jpg 768w, https:\/\/agora.xtec.cat\/ceip-santacreu-anglesola\/wp-content\/uploads\/usu483\/2022\/06\/audience-g29a3f6671_1920-1536x1017.jpg 1536w, https:\/\/agora.xtec.cat\/ceip-santacreu-anglesola\/wp-content\/uploads\/usu483\/2022\/06\/audience-g29a3f6671_1920.jpg 1920w\" sizes=\"auto, (max-width: 300px) 100vw, 300px\" \/><\/p>\n","protected":false},"excerpt":{"rendered":"<p>El passat dilluns 20 de juny, els nens i nenes de l&#8217;escola van fer unes actuacions per celebrar el quart dia de la setmana cultural i per obrir les orles de 6\u00e8. Cadascun dels cursos va participar amb una actuaci\u00f3 \u00fanica preparada en diferents \u00e0rees,&hellip;  <a href=\"https:\/\/agora.xtec.cat\/ceip-santacreu-anglesola\/general\/4t-dia-festival-i-orles-de-6e\/\" title=\"Read 4t dia Festival i orles de 6\u00e8\">Llegeix m\u00e9s\u00bb<\/a><\/p>\n","protected":false},"author":1,"featured_media":0,"comment_status":"open","ping_status":"closed","sticky":false,"template":"","format":"standard","meta":{"_bbp_topic_count":0,"_bbp_reply_count":0,"_bbp_total_topic_count":0,"_bbp_total_reply_count":0,"_bbp_voice_count":0,"_bbp_anonymous_reply_count":0,"_bbp_topic_count_hidden":0,"_bbp_reply_count_hidden":0,"_bbp_forum_subforum_count":0,"footnotes":""},"categories":[1,4],"tags":[],"class_list":["post-5257","post","type-post","status-publish","format-standard","hentry","category-general","category-portada"],"post_mailing_queue_ids":[],"_links":{"self":[{"href":"https:\/\/agora.xtec.cat\/ceip-santacreu-anglesola\/wp-json\/wp\/v2\/posts\/5257","targetHints":{"allow":["GET"]}}],"collection":[{"href":"https:\/\/agora.xtec.cat\/ceip-santacreu-anglesola\/wp-json\/wp\/v2\/posts"}],"about":[{"href":"https:\/\/agora.xtec.cat\/ceip-santacreu-anglesola\/wp-json\/wp\/v2\/types\/post"}],"author":[{"embeddable":true,"href":"https:\/\/agora.xtec.cat\/ceip-santacreu-anglesola\/wp-json\/wp\/v2\/users\/1"}],"replies":[{"embeddable":true,"href":"https:\/\/agora.xtec.cat\/ceip-santacreu-anglesola\/wp-json\/wp\/v2\/comments?post=5257"}],"version-history":[{"count":3,"href":"https:\/\/agora.xtec.cat\/ceip-santacreu-anglesola\/wp-json\/wp\/v2\/posts\/5257\/revisions"}],"predecessor-version":[{"id":6250,"href":"https:\/\/agora.xtec.cat\/ceip-santacreu-anglesola\/wp-json\/wp\/v2\/posts\/5257\/revisions\/6250"}],"wp:attachment":[{"href":"https:\/\/agora.xtec.cat\/ceip-santacreu-anglesola\/wp-json\/wp\/v2\/media?parent=5257"}],"wp:term":[{"taxonomy":"category","embeddable":true,"href":"https:\/\/agora.xtec.cat\/ceip-santacreu-anglesola\/wp-json\/wp\/v2\/categories?post=5257"},{"taxonomy":"post_tag","embeddable":true,"href":"https:\/\/agora.xtec.cat\/ceip-santacreu-anglesola\/wp-json\/wp\/v2\/tags?post=5257"}],"curies":[{"name":"wp","href":"https:\/\/api.w.org\/{rel}","templated":true}]}}