{"id":5255,"date":"2022-06-23T14:45:32","date_gmt":"2022-06-23T12:45:32","guid":{"rendered":"https:\/\/agora.xtec.cat\/ceip-santacreu-anglesola\/?p=5255"},"modified":"2022-06-23T14:45:32","modified_gmt":"2022-06-23T12:45:32","slug":"alimentacio-saludable","status":"publish","type":"post","link":"https:\/\/agora.xtec.cat\/ceip-santacreu-anglesola\/portada\/alimentacio-saludable\/","title":{"rendered":"Alimentaci\u00f3 saludable"},"content":{"rendered":"<p>Us compartim un article per llegir amb calma sobre l&#8217;alimentaci\u00f3 saludable per a infants i adolescents. Esperem que sigui del vostre inter\u00e8s.<\/p>\n<p><a href=\"https:\/\/diarieducacio.cat\/educacio-en-salut\/2021\/04\/07\/alimentacio-de-qualitat-per-a-infants-i-joves-saludables-i-energics\/\">https:\/\/diarieducacio.cat\/educacio-en-salut\/2021\/04\/07\/alimentacio-de-qualitat-per-a-infants-i-joves-saludables-i-energics\/<\/a><\/p>\n<p>El curs vinent ens retrobem amb m\u00e9s articles que us puguin ser \u00fatils.<\/p>\n<p>Bon estiu!<\/p>\n","protected":false},"excerpt":{"rendered":"<p>Us compartim un article per llegir amb calma sobre l&#8217;alimentaci\u00f3 saludable per a infants i adolescents. Esperem que sigui del vostre inter\u00e8s.<br \/>\n<a href=\"https:\/\/diarieducacio.cat\/educacio-en-salut\/2021\/04\/07\/alimentacio-de-qualitat-per-a-infants-i-joves-saludables-i-energics\/\">https:\/\/diarieducacio.cat\/educacio-en-salut\/2021\/04\/07\/alimentacio-de-qualitat-per-a-infants-i-joves-saludables-i-energics\/<\/a><br \/>\nEl curs vinent ens retrobem amb m\u00e9s articles que us puguin ser \u00fatils.<br \/>\nBon estiu!<\/p>\n","protected":false},"author":3,"featured_media":0,"comment_status":"open","ping_status":"closed","sticky":false,"template":"","format":"standard","meta":{"_bbp_topic_count":0,"_bbp_reply_count":0,"_bbp_total_topic_count":0,"_bbp_total_reply_count":0,"_bbp_voice_count":0,"_bbp_anonymous_reply_count":0,"_bbp_topic_count_hidden":0,"_bbp_reply_count_hidden":0,"_bbp_forum_subforum_count":0,"footnotes":""},"categories":[54,4],"tags":[],"class_list":["post-5255","post","type-post","status-publish","format-standard","hentry","category-articles","category-portada"],"post_mailing_queue_ids":[],"_links":{"self":[{"href":"https:\/\/agora.xtec.cat\/ceip-santacreu-anglesola\/wp-json\/wp\/v2\/posts\/5255","targetHints":{"allow":["GET"]}}],"collection":[{"href":"https:\/\/agora.xtec.cat\/ceip-santacreu-anglesola\/wp-json\/wp\/v2\/posts"}],"about":[{"href":"https:\/\/agora.xtec.cat\/ceip-santacreu-anglesola\/wp-json\/wp\/v2\/types\/post"}],"author":[{"embeddable":true,"href":"https:\/\/agora.xtec.cat\/ceip-santacreu-anglesola\/wp-json\/wp\/v2\/users\/3"}],"replies":[{"embeddable":true,"href":"https:\/\/agora.xtec.cat\/ceip-santacreu-anglesola\/wp-json\/wp\/v2\/comments?post=5255"}],"version-history":[{"count":1,"href":"https:\/\/agora.xtec.cat\/ceip-santacreu-anglesola\/wp-json\/wp\/v2\/posts\/5255\/revisions"}],"predecessor-version":[{"id":5256,"href":"https:\/\/agora.xtec.cat\/ceip-santacreu-anglesola\/wp-json\/wp\/v2\/posts\/5255\/revisions\/5256"}],"wp:attachment":[{"href":"https:\/\/agora.xtec.cat\/ceip-santacreu-anglesola\/wp-json\/wp\/v2\/media?parent=5255"}],"wp:term":[{"taxonomy":"category","embeddable":true,"href":"https:\/\/agora.xtec.cat\/ceip-santacreu-anglesola\/wp-json\/wp\/v2\/categories?post=5255"},{"taxonomy":"post_tag","embeddable":true,"href":"https:\/\/agora.xtec.cat\/ceip-santacreu-anglesola\/wp-json\/wp\/v2\/tags?post=5255"}],"curies":[{"name":"wp","href":"https:\/\/api.w.org\/{rel}","templated":true}]}}