{"id":5206,"date":"2022-06-16T13:45:06","date_gmt":"2022-06-16T11:45:06","guid":{"rendered":"https:\/\/agora.xtec.cat\/ceip-santacreu-anglesola\/?p=5206"},"modified":"2023-09-05T11:00:51","modified_gmt":"2023-09-05T09:00:51","slug":"mostra-de-musica-a-lateneu-de-tarrega","status":"publish","type":"post","link":"https:\/\/agora.xtec.cat\/ceip-santacreu-anglesola\/general\/mostra-de-musica-a-lateneu-de-tarrega\/","title":{"rendered":"Mostra de m\u00fasica a l&#8217;Ateneu de T\u00e0rrega"},"content":{"rendered":"<p>El passat dijous 09 de Juny, els nens i nenes de 4t van fer una mostra de m\u00fasica al teatre l&#8217;Ateneu de T\u00e0rrega. Van participar juntament amb d&#8217;altres escoles de l&#8217;Urgell en la <b>XII Mostra de m\u00fasica de l&#8217;Urgell.\u00a0<\/b>L&#8217;alumnat va interpretar la can\u00e7\u00f3 &#8220;The Wellerman&#8221; de Nathan Evans, amb un ritme corporal que tamb\u00e9 van acompanyar amb pilotes de b\u00e0squet; aqu\u00ed podeu veure com ho van fer!<\/p>\n<p>Cliqueu a la imatge per m\u00e9s informaci\u00f3:<\/p>\n<p><img loading=\"lazy\" decoding=\"async\" class=\"alignnone size-medium wp-image-5207\" src=\"https:\/\/agora.xtec.cat\/ceip-santacreu-anglesola\/wp-content\/uploads\/usu483\/2022\/06\/pexels-elianne-dipp-4666751-1-200x300.jpg\" alt=\"\" width=\"200\" height=\"300\" srcset=\"https:\/\/agora.xtec.cat\/ceip-santacreu-anglesola\/wp-content\/uploads\/usu483\/2022\/06\/pexels-elianne-dipp-4666751-1-200x300.jpg 200w, https:\/\/agora.xtec.cat\/ceip-santacreu-anglesola\/wp-content\/uploads\/usu483\/2022\/06\/pexels-elianne-dipp-4666751-1-684x1024.jpg 684w, https:\/\/agora.xtec.cat\/ceip-santacreu-anglesola\/wp-content\/uploads\/usu483\/2022\/06\/pexels-elianne-dipp-4666751-1-768x1150.jpg 768w, https:\/\/agora.xtec.cat\/ceip-santacreu-anglesola\/wp-content\/uploads\/usu483\/2022\/06\/pexels-elianne-dipp-4666751-1-1026x1536.jpg 1026w, https:\/\/agora.xtec.cat\/ceip-santacreu-anglesola\/wp-content\/uploads\/usu483\/2022\/06\/pexels-elianne-dipp-4666751-1-1368x2048.jpg 1368w, https:\/\/agora.xtec.cat\/ceip-santacreu-anglesola\/wp-content\/uploads\/usu483\/2022\/06\/pexels-elianne-dipp-4666751-1-scaled.jpg 1710w\" sizes=\"auto, (max-width: 200px) 100vw, 200px\" \/><\/p>\n","protected":false},"excerpt":{"rendered":"<p>El passat dijous 09 de Juny, els nens i nenes de 4t van fer una mostra de m\u00fasica al teatre l&#8217;Ateneu de T\u00e0rrega. Van participar juntament amb d&#8217;altres escoles de l&#8217;Urgell en la XII Mostra de m\u00fasica de l&#8217;Urgell.\u00a0L&#8217;alumnat va interpretar la can\u00e7\u00f3 &#8220;The Wellerman&#8221;&hellip;  <a href=\"https:\/\/agora.xtec.cat\/ceip-santacreu-anglesola\/general\/mostra-de-musica-a-lateneu-de-tarrega\/\" title=\"Read Mostra de m\u00fasica a l&#8217;Ateneu de T\u00e0rrega\">Llegeix m\u00e9s\u00bb<\/a><\/p>\n","protected":false},"author":1,"featured_media":5207,"comment_status":"open","ping_status":"closed","sticky":false,"template":"","format":"standard","meta":{"_bbp_topic_count":0,"_bbp_reply_count":0,"_bbp_total_topic_count":0,"_bbp_total_reply_count":0,"_bbp_voice_count":0,"_bbp_anonymous_reply_count":0,"_bbp_topic_count_hidden":0,"_bbp_reply_count_hidden":0,"_bbp_forum_subforum_count":0,"footnotes":""},"categories":[1,4],"tags":[],"class_list":["post-5206","post","type-post","status-publish","format-standard","has-post-thumbnail","hentry","category-general","category-portada"],"post_mailing_queue_ids":[],"_links":{"self":[{"href":"https:\/\/agora.xtec.cat\/ceip-santacreu-anglesola\/wp-json\/wp\/v2\/posts\/5206","targetHints":{"allow":["GET"]}}],"collection":[{"href":"https:\/\/agora.xtec.cat\/ceip-santacreu-anglesola\/wp-json\/wp\/v2\/posts"}],"about":[{"href":"https:\/\/agora.xtec.cat\/ceip-santacreu-anglesola\/wp-json\/wp\/v2\/types\/post"}],"author":[{"embeddable":true,"href":"https:\/\/agora.xtec.cat\/ceip-santacreu-anglesola\/wp-json\/wp\/v2\/users\/1"}],"replies":[{"embeddable":true,"href":"https:\/\/agora.xtec.cat\/ceip-santacreu-anglesola\/wp-json\/wp\/v2\/comments?post=5206"}],"version-history":[{"count":3,"href":"https:\/\/agora.xtec.cat\/ceip-santacreu-anglesola\/wp-json\/wp\/v2\/posts\/5206\/revisions"}],"predecessor-version":[{"id":6252,"href":"https:\/\/agora.xtec.cat\/ceip-santacreu-anglesola\/wp-json\/wp\/v2\/posts\/5206\/revisions\/6252"}],"wp:featuredmedia":[{"embeddable":true,"href":"https:\/\/agora.xtec.cat\/ceip-santacreu-anglesola\/wp-json\/wp\/v2\/media\/5207"}],"wp:attachment":[{"href":"https:\/\/agora.xtec.cat\/ceip-santacreu-anglesola\/wp-json\/wp\/v2\/media?parent=5206"}],"wp:term":[{"taxonomy":"category","embeddable":true,"href":"https:\/\/agora.xtec.cat\/ceip-santacreu-anglesola\/wp-json\/wp\/v2\/categories?post=5206"},{"taxonomy":"post_tag","embeddable":true,"href":"https:\/\/agora.xtec.cat\/ceip-santacreu-anglesola\/wp-json\/wp\/v2\/tags?post=5206"}],"curies":[{"name":"wp","href":"https:\/\/api.w.org\/{rel}","templated":true}]}}