{"id":5161,"date":"2022-05-24T20:05:59","date_gmt":"2022-05-24T18:05:59","guid":{"rendered":"https:\/\/agora.xtec.cat\/ceip-santacreu-anglesola\/?p=5161"},"modified":"2022-05-24T20:59:47","modified_gmt":"2022-05-24T18:59:47","slug":"sortida-de-cicle-inicial-a-barcelona","status":"publish","type":"post","link":"https:\/\/agora.xtec.cat\/ceip-santacreu-anglesola\/general\/sortida-de-cicle-inicial-a-barcelona\/","title":{"rendered":"SORTIDA DE CICLE INICIAL A BARCELONA"},"content":{"rendered":"<p>El dia 20 de Maig els nens i nenes de Cicle Inicial vam anar a visitar el Museu d\u2019Hist\u00f2ria de Catalunya.<\/p>\n<p>Primer vam esmorzar i despr\u00e9s vam fer una visita lliure on vam descobrir el Modernisme, la burgesia, la ind\u00fastria t\u00e8xtil i com vivien i es vestien en el segles XIX i XX.<\/p>\n<p>Despr\u00e9s d\u2019un descans una monitora ens va fer un recorregut per Gr\u00e8cia i Roma. Durant les explicacions ens va ensenyar un vaixell grec i ens vam disfressar amb unes t\u00faniques davant d\u2019una <em>domus romana<\/em>. Tamb\u00e9 vam descobrir mitjan\u00e7ant\u00a0 un joc com intercanviaven productes els grecs amb altres pobles del Mediterrani i vam escriure el nostre nom en grec. Per \u00faltim vam anar a fer un taller sobre els D\u00e9us i vam jugar amb el <em>Memory de l\u2019Olimp.<\/em><\/p>\n<p>A continuaci\u00f3 vam dinar i vam anar a jugar al parc de la Ciutadella on ens vam trobar amb la resta de companys de l\u2019escola.<\/p>\n<p>En aquesta sortida hem recordat tot el que vam aprendre en el projecte i la monitora ens va felicitar perqu\u00e8 sab\u00edem moltes respostes i ens vam portar molt b\u00e9.<\/p>\n<p>&nbsp;<\/p>\n<p><a href=\"https:\/\/agora.xtec.cat\/ceip-santacreu-anglesola\/?p=5166&amp;preview=true\"><img loading=\"lazy\" decoding=\"async\" class=\"alignnone wp-image-5163 size-full\" src=\"https:\/\/agora.xtec.cat\/ceip-santacreu-anglesola\/wp-content\/uploads\/usu483\/2022\/05\/logo.png\" alt=\"\" width=\"248\" height=\"67\" \/><\/a><\/p>\n<p>&nbsp;<\/p>\n","protected":false},"excerpt":{"rendered":"<p>El dia 20 de Maig els nens i nenes de Cicle Inicial vam anar a visitar el Museu d\u2019Hist\u00f2ria de Catalunya.<br \/>\nPrimer vam esmorzar i despr\u00e9s vam fer una visita lliure on vam descobrir el Modernisme, la burgesia, la ind\u00fastria t\u00e8xtil i com vivien i es&hellip;  <a href=\"https:\/\/agora.xtec.cat\/ceip-santacreu-anglesola\/general\/sortida-de-cicle-inicial-a-barcelona\/\" title=\"Read SORTIDA DE CICLE INICIAL A BARCELONA\">Llegeix m\u00e9s\u00bb<\/a><\/p>\n","protected":false},"author":25,"featured_media":5163,"comment_status":"closed","ping_status":"closed","sticky":false,"template":"","format":"standard","meta":{"_bbp_topic_count":0,"_bbp_reply_count":0,"_bbp_total_topic_count":0,"_bbp_total_reply_count":0,"_bbp_voice_count":0,"_bbp_anonymous_reply_count":0,"_bbp_topic_count_hidden":0,"_bbp_reply_count_hidden":0,"_bbp_forum_subforum_count":0,"footnotes":""},"categories":[1,4],"tags":[],"class_list":["post-5161","post","type-post","status-publish","format-standard","has-post-thumbnail","hentry","category-general","category-portada"],"post_mailing_queue_ids":[],"_links":{"self":[{"href":"https:\/\/agora.xtec.cat\/ceip-santacreu-anglesola\/wp-json\/wp\/v2\/posts\/5161","targetHints":{"allow":["GET"]}}],"collection":[{"href":"https:\/\/agora.xtec.cat\/ceip-santacreu-anglesola\/wp-json\/wp\/v2\/posts"}],"about":[{"href":"https:\/\/agora.xtec.cat\/ceip-santacreu-anglesola\/wp-json\/wp\/v2\/types\/post"}],"author":[{"embeddable":true,"href":"https:\/\/agora.xtec.cat\/ceip-santacreu-anglesola\/wp-json\/wp\/v2\/users\/25"}],"replies":[{"embeddable":true,"href":"https:\/\/agora.xtec.cat\/ceip-santacreu-anglesola\/wp-json\/wp\/v2\/comments?post=5161"}],"version-history":[{"count":3,"href":"https:\/\/agora.xtec.cat\/ceip-santacreu-anglesola\/wp-json\/wp\/v2\/posts\/5161\/revisions"}],"predecessor-version":[{"id":5172,"href":"https:\/\/agora.xtec.cat\/ceip-santacreu-anglesola\/wp-json\/wp\/v2\/posts\/5161\/revisions\/5172"}],"wp:featuredmedia":[{"embeddable":true,"href":"https:\/\/agora.xtec.cat\/ceip-santacreu-anglesola\/wp-json\/wp\/v2\/media\/5163"}],"wp:attachment":[{"href":"https:\/\/agora.xtec.cat\/ceip-santacreu-anglesola\/wp-json\/wp\/v2\/media?parent=5161"}],"wp:term":[{"taxonomy":"category","embeddable":true,"href":"https:\/\/agora.xtec.cat\/ceip-santacreu-anglesola\/wp-json\/wp\/v2\/categories?post=5161"},{"taxonomy":"post_tag","embeddable":true,"href":"https:\/\/agora.xtec.cat\/ceip-santacreu-anglesola\/wp-json\/wp\/v2\/tags?post=5161"}],"curies":[{"name":"wp","href":"https:\/\/api.w.org\/{rel}","templated":true}]}}