{"id":5155,"date":"2022-05-24T13:56:28","date_gmt":"2022-05-24T11:56:28","guid":{"rendered":"https:\/\/agora.xtec.cat\/ceip-santacreu-anglesola\/?p=5155"},"modified":"2022-05-24T14:07:52","modified_gmt":"2022-05-24T12:07:52","slug":"sortida-a-manresa-al-lab-0_6-i-al-parc-de-lagulla","status":"publish","type":"post","link":"https:\/\/agora.xtec.cat\/ceip-santacreu-anglesola\/portada\/sortida-a-manresa-al-lab-0_6-i-al-parc-de-lagulla\/","title":{"rendered":"Sortida a Manresa al Lab 0_6 i al parc de l&#8217;agulla"},"content":{"rendered":"<p><img loading=\"lazy\" decoding=\"async\" class=\"alignnone size-medium wp-image-5158\" src=\"https:\/\/agora.xtec.cat\/ceip-santacreu-anglesola\/wp-content\/uploads\/usu483\/2022\/05\/Lab-0_6-1-300x112.png\" alt=\"\" width=\"300\" height=\"112\" srcset=\"https:\/\/agora.xtec.cat\/ceip-santacreu-anglesola\/wp-content\/uploads\/usu483\/2022\/05\/Lab-0_6-1-300x112.png 300w, https:\/\/agora.xtec.cat\/ceip-santacreu-anglesola\/wp-content\/uploads\/usu483\/2022\/05\/Lab-0_6-1-1024x384.png 1024w, https:\/\/agora.xtec.cat\/ceip-santacreu-anglesola\/wp-content\/uploads\/usu483\/2022\/05\/Lab-0_6-1-768x288.png 768w, https:\/\/agora.xtec.cat\/ceip-santacreu-anglesola\/wp-content\/uploads\/usu483\/2022\/05\/Lab-0_6-1-1536x576.png 1536w, https:\/\/agora.xtec.cat\/ceip-santacreu-anglesola\/wp-content\/uploads\/usu483\/2022\/05\/Lab-0_6-1-2048x768.png 2048w\" sizes=\"auto, (max-width: 300px) 100vw, 300px\" \/><\/p>\n<p>El passat dilluns 9 de maig els alumnes d&#8217;infantil van gaudir d&#8217;una visita al Lab 0_6 de Manresa. Van poder experimentar la creaci\u00f3 de colors a partir d&#8217;aigua i diferents aliments. Posteriorment van gaudir d&#8217;una sala plena d&#8217;objectes per experimentar de primera m\u00e0 conceptes b\u00e0sics de la ci\u00e8ncia.<\/p>\n<p>Finalment van fer un p\u00edcnic al parc de l&#8217;agulla<\/p>\n<p>Fes clic a l&#8217;enlla\u00e7 per veure&#8217;n les fotos:<\/p>\n<blockquote class=\"wp-embedded-content\" data-secret=\"Uz1lFKdKPj\"><p><a href=\"https:\/\/agora.xtec.cat\/ceip-santacreu-anglesola\/general\/fotos-lab-06-i-parc-de-lagulla\/\">Protegit: Fotos Lab 06 i parc de l&#8217;agulla<\/a><\/p><\/blockquote>\n<p><iframe loading=\"lazy\" class=\"wp-embedded-content\" sandbox=\"allow-scripts\" security=\"restricted\" style=\"position: absolute; clip: rect(1px, 1px, 1px, 1px);\" title=\"&#8220;Protegit: Fotos Lab 06 i parc de l&#8217;agulla&#8221; &#8212; Escola Santa Creu\" src=\"https:\/\/agora.xtec.cat\/ceip-santacreu-anglesola\/general\/fotos-lab-06-i-parc-de-lagulla\/embed\/#?secret=rCEAJSJSfB#?secret=Uz1lFKdKPj\" data-secret=\"Uz1lFKdKPj\" width=\"500\" height=\"282\" frameborder=\"0\" marginwidth=\"0\" marginheight=\"0\" scrolling=\"no\"><\/iframe><\/p>\n","protected":false},"excerpt":{"rendered":"<p>El passat dilluns 9 de maig els alumnes d&#8217;infantil van gaudir d&#8217;una visita al Lab 0_6 de Manresa. Van poder experimentar la creaci\u00f3 de colors a partir d&#8217;aigua i diferents aliments. Posteriorment van gaudir d&#8217;una sala plena d&#8217;objectes per experimentar de primera m\u00e0 conceptes b\u00e0sics&hellip;  <a href=\"https:\/\/agora.xtec.cat\/ceip-santacreu-anglesola\/portada\/sortida-a-manresa-al-lab-0_6-i-al-parc-de-lagulla\/\" title=\"Read Sortida a Manresa al Lab 0_6 i al parc de l&#8217;agulla\">Llegeix m\u00e9s\u00bb<\/a><\/p>\n","protected":false},"author":1,"featured_media":5158,"comment_status":"open","ping_status":"closed","sticky":false,"template":"","format":"standard","meta":{"_bbp_topic_count":0,"_bbp_reply_count":0,"_bbp_total_topic_count":0,"_bbp_total_reply_count":0,"_bbp_voice_count":0,"_bbp_anonymous_reply_count":0,"_bbp_topic_count_hidden":0,"_bbp_reply_count_hidden":0,"_bbp_forum_subforum_count":0,"footnotes":""},"categories":[4],"tags":[],"class_list":["post-5155","post","type-post","status-publish","format-standard","has-post-thumbnail","hentry","category-portada"],"post_mailing_queue_ids":[],"_links":{"self":[{"href":"https:\/\/agora.xtec.cat\/ceip-santacreu-anglesola\/wp-json\/wp\/v2\/posts\/5155","targetHints":{"allow":["GET"]}}],"collection":[{"href":"https:\/\/agora.xtec.cat\/ceip-santacreu-anglesola\/wp-json\/wp\/v2\/posts"}],"about":[{"href":"https:\/\/agora.xtec.cat\/ceip-santacreu-anglesola\/wp-json\/wp\/v2\/types\/post"}],"author":[{"embeddable":true,"href":"https:\/\/agora.xtec.cat\/ceip-santacreu-anglesola\/wp-json\/wp\/v2\/users\/1"}],"replies":[{"embeddable":true,"href":"https:\/\/agora.xtec.cat\/ceip-santacreu-anglesola\/wp-json\/wp\/v2\/comments?post=5155"}],"version-history":[{"count":3,"href":"https:\/\/agora.xtec.cat\/ceip-santacreu-anglesola\/wp-json\/wp\/v2\/posts\/5155\/revisions"}],"predecessor-version":[{"id":5160,"href":"https:\/\/agora.xtec.cat\/ceip-santacreu-anglesola\/wp-json\/wp\/v2\/posts\/5155\/revisions\/5160"}],"wp:featuredmedia":[{"embeddable":true,"href":"https:\/\/agora.xtec.cat\/ceip-santacreu-anglesola\/wp-json\/wp\/v2\/media\/5158"}],"wp:attachment":[{"href":"https:\/\/agora.xtec.cat\/ceip-santacreu-anglesola\/wp-json\/wp\/v2\/media?parent=5155"}],"wp:term":[{"taxonomy":"category","embeddable":true,"href":"https:\/\/agora.xtec.cat\/ceip-santacreu-anglesola\/wp-json\/wp\/v2\/categories?post=5155"},{"taxonomy":"post_tag","embeddable":true,"href":"https:\/\/agora.xtec.cat\/ceip-santacreu-anglesola\/wp-json\/wp\/v2\/tags?post=5155"}],"curies":[{"name":"wp","href":"https:\/\/api.w.org\/{rel}","templated":true}]}}