{"id":5144,"date":"2022-05-24T20:37:53","date_gmt":"2022-05-24T18:37:53","guid":{"rendered":"https:\/\/agora.xtec.cat\/ceip-santacreu-anglesola\/?p=5144"},"modified":"2022-05-24T20:45:01","modified_gmt":"2022-05-24T18:45:01","slug":"els-alumnes-de-cicle-mitja-visitem-el-museu-egipci-de-barcelona","status":"publish","type":"post","link":"https:\/\/agora.xtec.cat\/ceip-santacreu-anglesola\/general\/els-alumnes-de-cicle-mitja-visitem-el-museu-egipci-de-barcelona\/","title":{"rendered":"ELS ALUMNES DE CICLE MITJ\u00c0 VISITEM EL MUSEU EGIPCI DE BARCELONA"},"content":{"rendered":"<p>El divendres dia 20 de maig, els alumnes de cicle mitj\u00e0, vam visitar el Museu Egipci de Barcelona per con\u00e8ixer diferents aspectes del m\u00f3n dels faraons i altres temes de la civilitzaci\u00f3 eg\u00edpcia, aprofitant el tema de projecte que hem treballant durant els dos primers trimestres.<\/p>\n<p>Vam fer una visita guiada per les sales del museu amb una activitat taller per aprendre i endinsar-nos m\u00e9s en el m\u00f3n egipci d&#8217;una manera l\u00fadica i participativa.<\/p>\n<p>Seguidament vam anar cap al parc de la Ciutadella i all\u00ed vam dinar i vam poder gaudir una estona del joc a l&#8217;aire lliure.<\/p>\n<p>Vam adquirir nous aprenentatges i vam passar un dia fant\u00e0stic!<\/p>\n<p>Cliqueu a la imatge per veure les fotos:<\/p>\n<p><a href=\"https:\/\/agora.xtec.cat\/ceip-santacreu-anglesola\/primaria\/els-alumnes-de-cicle-mitja-visitem-el-museu-egipci-de-barcelona-2\/\" target=\"_blank\" rel=\"noopener\"><img loading=\"lazy\" decoding=\"async\" class=\"aligncenter wp-image-5145 size-medium\" title=\"https:\/\/agora.xtec.cat\/ceip-santacreu-anglesola\/?p=5149&amp;preview=true\" src=\"https:\/\/agora.xtec.cat\/ceip-santacreu-anglesola\/wp-content\/uploads\/usu483\/2022\/05\/IMATGE-PORTADA-291x300.jpg\" alt=\"\" width=\"291\" height=\"300\" srcset=\"https:\/\/agora.xtec.cat\/ceip-santacreu-anglesola\/wp-content\/uploads\/usu483\/2022\/05\/IMATGE-PORTADA-291x300.jpg 291w, https:\/\/agora.xtec.cat\/ceip-santacreu-anglesola\/wp-content\/uploads\/usu483\/2022\/05\/IMATGE-PORTADA.jpg 463w\" sizes=\"auto, (max-width: 291px) 100vw, 291px\" \/><\/a><\/p>\n","protected":false},"excerpt":{"rendered":"<p>El divendres dia 20 de maig, els alumnes de cicle mitj\u00e0, vam visitar el Museu Egipci de Barcelona per con\u00e8ixer diferents aspectes del m\u00f3n dels faraons i altres temes de la civilitzaci\u00f3 eg\u00edpcia, aprofitant el tema de projecte que hem treballant durant els dos primers&hellip;  <a href=\"https:\/\/agora.xtec.cat\/ceip-santacreu-anglesola\/general\/els-alumnes-de-cicle-mitja-visitem-el-museu-egipci-de-barcelona\/\" title=\"Read ELS ALUMNES DE CICLE MITJ\u00c0 VISITEM EL MUSEU EGIPCI DE BARCELONA\">Llegeix m\u00e9s\u00bb<\/a><\/p>\n","protected":false},"author":16,"featured_media":5150,"comment_status":"closed","ping_status":"closed","sticky":false,"template":"","format":"standard","meta":{"_bbp_topic_count":0,"_bbp_reply_count":0,"_bbp_total_topic_count":0,"_bbp_total_reply_count":0,"_bbp_voice_count":0,"_bbp_anonymous_reply_count":0,"_bbp_topic_count_hidden":0,"_bbp_reply_count_hidden":0,"_bbp_forum_subforum_count":0,"footnotes":""},"categories":[1,4],"tags":[],"class_list":["post-5144","post","type-post","status-publish","format-standard","has-post-thumbnail","hentry","category-general","category-portada"],"post_mailing_queue_ids":[],"_links":{"self":[{"href":"https:\/\/agora.xtec.cat\/ceip-santacreu-anglesola\/wp-json\/wp\/v2\/posts\/5144","targetHints":{"allow":["GET"]}}],"collection":[{"href":"https:\/\/agora.xtec.cat\/ceip-santacreu-anglesola\/wp-json\/wp\/v2\/posts"}],"about":[{"href":"https:\/\/agora.xtec.cat\/ceip-santacreu-anglesola\/wp-json\/wp\/v2\/types\/post"}],"author":[{"embeddable":true,"href":"https:\/\/agora.xtec.cat\/ceip-santacreu-anglesola\/wp-json\/wp\/v2\/users\/16"}],"replies":[{"embeddable":true,"href":"https:\/\/agora.xtec.cat\/ceip-santacreu-anglesola\/wp-json\/wp\/v2\/comments?post=5144"}],"version-history":[{"count":3,"href":"https:\/\/agora.xtec.cat\/ceip-santacreu-anglesola\/wp-json\/wp\/v2\/posts\/5144\/revisions"}],"predecessor-version":[{"id":5167,"href":"https:\/\/agora.xtec.cat\/ceip-santacreu-anglesola\/wp-json\/wp\/v2\/posts\/5144\/revisions\/5167"}],"wp:featuredmedia":[{"embeddable":true,"href":"https:\/\/agora.xtec.cat\/ceip-santacreu-anglesola\/wp-json\/wp\/v2\/media\/5150"}],"wp:attachment":[{"href":"https:\/\/agora.xtec.cat\/ceip-santacreu-anglesola\/wp-json\/wp\/v2\/media?parent=5144"}],"wp:term":[{"taxonomy":"category","embeddable":true,"href":"https:\/\/agora.xtec.cat\/ceip-santacreu-anglesola\/wp-json\/wp\/v2\/categories?post=5144"},{"taxonomy":"post_tag","embeddable":true,"href":"https:\/\/agora.xtec.cat\/ceip-santacreu-anglesola\/wp-json\/wp\/v2\/tags?post=5144"}],"curies":[{"name":"wp","href":"https:\/\/api.w.org\/{rel}","templated":true}]}}