{"id":5106,"date":"2022-05-11T16:47:20","date_gmt":"2022-05-11T14:47:20","guid":{"rendered":"https:\/\/agora.xtec.cat\/ceip-santacreu-anglesola\/?p=5106"},"modified":"2022-05-24T21:03:58","modified_gmt":"2022-05-24T19:03:58","slug":"les-mates-divertides-de-1r","status":"publish","type":"post","link":"https:\/\/agora.xtec.cat\/ceip-santacreu-anglesola\/general\/les-mates-divertides-de-1r\/","title":{"rendered":"LES MATES DIVERTIDES DE 1R"},"content":{"rendered":"<p>Els alumnes de 1r, estem apunt d&#8217;acabar el curs i el nostre llibre de Mates, i volem animar a aquells nens i nenes que l&#8217;any que ve faran 1r, perqu\u00e8 us volem explicar que les mates a 1r s\u00f3n super divertides, perqu\u00e8 aprenem molt\u00edssimes coses amb materials did\u00e0ctics i objectes\u00a0 que\u00a0 tenim i a m\u00e9s a m\u00e9s quan tenim un dubte que no l&#8217;entenem busquem el material necessari per tota l&#8217;escola i el duem a terme per resoldre el dubte que ens sorgeix.<\/p>\n<p>A trav\u00e9s d&#8217;aquest material hem apr\u00e8s Matem\u00e0tiques de manera m\u00e9s divertida i din\u00e0mica, i amb les ganes de superar els diferents reptes que se&#8217;ns van plantejant. I cadasc\u00fa amb el seu ritme de treball ja que per a nosaltres \u00e9s molt important. Us animem a que quan tingueu un momentet busqueu per a qu\u00e8 serveixen aquests materials perqu\u00e8 d&#8217;aquesta manera l&#8217;any que ve estareu super preparats per comen\u00e7ar 1r. Hem utilitzat material com: cartes num\u00e8riques, \u00e0bacs, cintres m\u00e8triques, monedes i bitllets, geoplans, miralls, cubs encaixables, tablets, embuts, gerres mesuradores i molts m\u00e9s.<\/p>\n<p>Us passem un recull de les imatges i us animem a que aquest estiu si voleu podeu comen\u00e7ar a esbrinar per a qu\u00e8 serveixen.<\/p>\n<p>Els alumnes de 1r<\/p>\n<p>&nbsp;<\/p>\n<p>&nbsp;<\/p>\n<p><a href=\"https:\/\/agora.xtec.cat\/ceip-santacreu-anglesola\/?p=5116&amp;preview=true\"><img loading=\"lazy\" decoding=\"async\" class=\"alignnone wp-image-5107 size-full\" src=\"https:\/\/agora.xtec.cat\/ceip-santacreu-anglesola\/wp-content\/uploads\/usu483\/2022\/05\/51uS1B9gRoL._AC_UL320_.jpg\" alt=\"\" width=\"320\" height=\"209\" srcset=\"https:\/\/agora.xtec.cat\/ceip-santacreu-anglesola\/wp-content\/uploads\/usu483\/2022\/05\/51uS1B9gRoL._AC_UL320_.jpg 320w, https:\/\/agora.xtec.cat\/ceip-santacreu-anglesola\/wp-content\/uploads\/usu483\/2022\/05\/51uS1B9gRoL._AC_UL320_-300x196.jpg 300w\" sizes=\"auto, (max-width: 320px) 100vw, 320px\" \/><\/a><\/p>\n","protected":false},"excerpt":{"rendered":"<p>Els alumnes de 1r, estem apunt d&#8217;acabar el curs i el nostre llibre de Mates, i volem animar a aquells nens i nenes que l&#8217;any que ve faran 1r, perqu\u00e8 us volem explicar que les mates a 1r s\u00f3n super divertides, perqu\u00e8 aprenem molt\u00edssimes coses&hellip;  <a href=\"https:\/\/agora.xtec.cat\/ceip-santacreu-anglesola\/general\/les-mates-divertides-de-1r\/\" title=\"Read LES MATES DIVERTIDES DE 1R\">Llegeix m\u00e9s\u00bb<\/a><\/p>\n","protected":false},"author":1,"featured_media":5107,"comment_status":"open","ping_status":"closed","sticky":false,"template":"","format":"standard","meta":{"_bbp_topic_count":0,"_bbp_reply_count":0,"_bbp_total_topic_count":0,"_bbp_total_reply_count":0,"_bbp_voice_count":0,"_bbp_anonymous_reply_count":0,"_bbp_topic_count_hidden":0,"_bbp_reply_count_hidden":0,"_bbp_forum_subforum_count":0,"footnotes":""},"categories":[1,4],"tags":[],"class_list":["post-5106","post","type-post","status-publish","format-standard","has-post-thumbnail","hentry","category-general","category-portada"],"post_mailing_queue_ids":[],"_links":{"self":[{"href":"https:\/\/agora.xtec.cat\/ceip-santacreu-anglesola\/wp-json\/wp\/v2\/posts\/5106","targetHints":{"allow":["GET"]}}],"collection":[{"href":"https:\/\/agora.xtec.cat\/ceip-santacreu-anglesola\/wp-json\/wp\/v2\/posts"}],"about":[{"href":"https:\/\/agora.xtec.cat\/ceip-santacreu-anglesola\/wp-json\/wp\/v2\/types\/post"}],"author":[{"embeddable":true,"href":"https:\/\/agora.xtec.cat\/ceip-santacreu-anglesola\/wp-json\/wp\/v2\/users\/1"}],"replies":[{"embeddable":true,"href":"https:\/\/agora.xtec.cat\/ceip-santacreu-anglesola\/wp-json\/wp\/v2\/comments?post=5106"}],"version-history":[{"count":3,"href":"https:\/\/agora.xtec.cat\/ceip-santacreu-anglesola\/wp-json\/wp\/v2\/posts\/5106\/revisions"}],"predecessor-version":[{"id":5118,"href":"https:\/\/agora.xtec.cat\/ceip-santacreu-anglesola\/wp-json\/wp\/v2\/posts\/5106\/revisions\/5118"}],"wp:featuredmedia":[{"embeddable":true,"href":"https:\/\/agora.xtec.cat\/ceip-santacreu-anglesola\/wp-json\/wp\/v2\/media\/5107"}],"wp:attachment":[{"href":"https:\/\/agora.xtec.cat\/ceip-santacreu-anglesola\/wp-json\/wp\/v2\/media?parent=5106"}],"wp:term":[{"taxonomy":"category","embeddable":true,"href":"https:\/\/agora.xtec.cat\/ceip-santacreu-anglesola\/wp-json\/wp\/v2\/categories?post=5106"},{"taxonomy":"post_tag","embeddable":true,"href":"https:\/\/agora.xtec.cat\/ceip-santacreu-anglesola\/wp-json\/wp\/v2\/tags?post=5106"}],"curies":[{"name":"wp","href":"https:\/\/api.w.org\/{rel}","templated":true}]}}