{"id":5075,"date":"2022-04-28T13:30:14","date_gmt":"2022-04-28T11:30:14","guid":{"rendered":"https:\/\/agora.xtec.cat\/ceip-santacreu-anglesola\/?p=5075"},"modified":"2022-04-28T13:32:39","modified_gmt":"2022-04-28T11:32:39","slug":"apilo-xii-a-lescola","status":"publish","type":"post","link":"https:\/\/agora.xtec.cat\/ceip-santacreu-anglesola\/general\/apilo-xii-a-lescola\/","title":{"rendered":"APILO XII a l&#8217;escola!"},"content":{"rendered":"<p>Avui dia 28 d&#8217;abril, ha vingut a l&#8217;escola en Pilos! Ha vingut a explicar-nos qu\u00e8 fer quan esgotem la bateria de les piles no recarregables, quines solucions ens proposa en Pilos per poder cuidar el nostre planeta. No ha vingut sol, sin\u00f3 acompanyat d&#8217;en Marc, un dels seus agents; mitjan\u00e7ant un conte que els nens han anat seguint, han descobert que els alumnes tamb\u00e9 volen ser agents que reciclen les piles!<\/p>\n<p>&nbsp;<\/p>\n<p>Cliqueu la imatge per veure&#8217;n les fotos<\/p>\n<p><a href=\"https:\/\/agora.xtec.cat\/ceip-santacreu-anglesola\/?p=5078&amp;preview=true\"><img loading=\"lazy\" decoding=\"async\" class=\"alignnone size-full wp-image-5076\" src=\"https:\/\/agora.xtec.cat\/ceip-santacreu-anglesola\/wp-content\/uploads\/usu483\/2022\/04\/apilo_xii_web-959.jpg\" alt=\"\" width=\"600\" height=\"395\" srcset=\"https:\/\/agora.xtec.cat\/ceip-santacreu-anglesola\/wp-content\/uploads\/usu483\/2022\/04\/apilo_xii_web-959.jpg 600w, https:\/\/agora.xtec.cat\/ceip-santacreu-anglesola\/wp-content\/uploads\/usu483\/2022\/04\/apilo_xii_web-959-300x198.jpg 300w\" sizes=\"auto, (max-width: 600px) 100vw, 600px\" \/><\/a><\/p>\n<p>&nbsp;<\/p>\n","protected":false},"excerpt":{"rendered":"<p>Avui dia 28 d&#8217;abril, ha vingut a l&#8217;escola en Pilos! Ha vingut a explicar-nos qu\u00e8 fer quan esgotem la bateria de les piles no recarregables, quines solucions ens proposa en Pilos per poder cuidar el nostre planeta. No ha vingut sol, sin\u00f3 acompanyat d&#8217;en Marc,&hellip;  <a href=\"https:\/\/agora.xtec.cat\/ceip-santacreu-anglesola\/general\/apilo-xii-a-lescola\/\" title=\"Read APILO XII a l&#8217;escola!\">Llegeix m\u00e9s\u00bb<\/a><\/p>\n","protected":false},"author":1,"featured_media":5076,"comment_status":"open","ping_status":"closed","sticky":false,"template":"","format":"standard","meta":{"_bbp_topic_count":0,"_bbp_reply_count":0,"_bbp_total_topic_count":0,"_bbp_total_reply_count":0,"_bbp_voice_count":0,"_bbp_anonymous_reply_count":0,"_bbp_topic_count_hidden":0,"_bbp_reply_count_hidden":0,"_bbp_forum_subforum_count":0,"footnotes":""},"categories":[1,4],"tags":[],"class_list":["post-5075","post","type-post","status-publish","format-standard","has-post-thumbnail","hentry","category-general","category-portada"],"post_mailing_queue_ids":[],"_links":{"self":[{"href":"https:\/\/agora.xtec.cat\/ceip-santacreu-anglesola\/wp-json\/wp\/v2\/posts\/5075","targetHints":{"allow":["GET"]}}],"collection":[{"href":"https:\/\/agora.xtec.cat\/ceip-santacreu-anglesola\/wp-json\/wp\/v2\/posts"}],"about":[{"href":"https:\/\/agora.xtec.cat\/ceip-santacreu-anglesola\/wp-json\/wp\/v2\/types\/post"}],"author":[{"embeddable":true,"href":"https:\/\/agora.xtec.cat\/ceip-santacreu-anglesola\/wp-json\/wp\/v2\/users\/1"}],"replies":[{"embeddable":true,"href":"https:\/\/agora.xtec.cat\/ceip-santacreu-anglesola\/wp-json\/wp\/v2\/comments?post=5075"}],"version-history":[{"count":3,"href":"https:\/\/agora.xtec.cat\/ceip-santacreu-anglesola\/wp-json\/wp\/v2\/posts\/5075\/revisions"}],"predecessor-version":[{"id":5084,"href":"https:\/\/agora.xtec.cat\/ceip-santacreu-anglesola\/wp-json\/wp\/v2\/posts\/5075\/revisions\/5084"}],"wp:featuredmedia":[{"embeddable":true,"href":"https:\/\/agora.xtec.cat\/ceip-santacreu-anglesola\/wp-json\/wp\/v2\/media\/5076"}],"wp:attachment":[{"href":"https:\/\/agora.xtec.cat\/ceip-santacreu-anglesola\/wp-json\/wp\/v2\/media?parent=5075"}],"wp:term":[{"taxonomy":"category","embeddable":true,"href":"https:\/\/agora.xtec.cat\/ceip-santacreu-anglesola\/wp-json\/wp\/v2\/categories?post=5075"},{"taxonomy":"post_tag","embeddable":true,"href":"https:\/\/agora.xtec.cat\/ceip-santacreu-anglesola\/wp-json\/wp\/v2\/tags?post=5075"}],"curies":[{"name":"wp","href":"https:\/\/api.w.org\/{rel}","templated":true}]}}