{"id":5012,"date":"2022-04-25T21:19:52","date_gmt":"2022-04-25T19:19:52","guid":{"rendered":"https:\/\/agora.xtec.cat\/ceip-santacreu-anglesola\/?p=5012"},"modified":"2022-04-27T11:55:33","modified_gmt":"2022-04-27T09:55:33","slug":"els-alumnes-de-cicle-mitja-treballem-el-dia-de-la-terra","status":"publish","type":"post","link":"https:\/\/agora.xtec.cat\/ceip-santacreu-anglesola\/general\/els-alumnes-de-cicle-mitja-treballem-el-dia-de-la-terra\/","title":{"rendered":"ELS ALUMNES DE CICLE MITJ\u00c0 TREBALLEM EL DIA DE LA TERRA"},"content":{"rendered":"<p>El dia 22 d&#8217;abril de 1970, es va decretar en diferents pa\u00efsos la celebraci\u00f3 del <strong>Dia Mundial de la Terra<\/strong>, gr\u00e0cies a manifestacions que es van fer a nivell mundial protestant per protegir m\u00e9s el medi ambient.<\/p>\n<p>Des d\u2019aquell dia, el 22 d\u2019abril es sin\u00f2nim de respecte, sostenibilitat, foment del reciclatge i d\u2019accions m\u00e9s saludables amb el nostre planeta.<\/p>\n<p>Per aquest motiu <em>els<\/em> <em>alumnes de cicle mitj\u00e0, <\/em>que aquest trimestre treballem<span style=\"color: #ff6600;\"><strong> l<\/strong>&#8216;<\/span><strong><span style=\"color: #ff6600;\"><em><span style=\"color: #ff6600;\">O<\/span>DS 7 <\/em><\/span><\/strong><span style=\"color: #ff6600;\"><em>Energia neta i assequible<\/em><\/span> i\u00a0 <span style=\"color: #008000;\"><strong>l&#8217;<\/strong><em><span style=\"color: #008000;\"><strong>ODS 15<\/strong>:<\/span> Vida d&#8217;ecosistemes terrestres<span style=\"color: #000000;\">,<\/span><\/em><\/span> hem volgut celebrar aquest dia i hem confeccionat una farmaciola per poder cuidar la Terra. En aquesta tasca hem anomenat v\u00e0ries accions que podem fer per cuidar-la, ja que cada vegada est\u00e0 m\u00e9s malalta per l&#8217;escalfament global, i hem pres consci\u00e8ncia per la seva preservaci\u00f3.<\/p>\n<p><strong>Que tots els dies siguin dies de la Terra!<\/strong><\/p>\n<p>Cliqueu damunt de la imatge per veure el mural.<\/p>\n<p><a href=\"https:\/\/agora.xtec.cat\/ceip-santacreu-anglesola\/?p=5047&amp;preview=true\" target=\"_blank\" rel=\"noopener\"><img loading=\"lazy\" decoding=\"async\" class=\"alignnone wp-image-5014 size-medium\" src=\"https:\/\/agora.xtec.cat\/ceip-santacreu-anglesola\/wp-content\/uploads\/usu483\/2022\/04\/Imatge-dia-de-la-Terra-2-300x168.png\" alt=\"\" width=\"300\" height=\"168\" srcset=\"https:\/\/agora.xtec.cat\/ceip-santacreu-anglesola\/wp-content\/uploads\/usu483\/2022\/04\/Imatge-dia-de-la-Terra-2-300x168.png 300w, https:\/\/agora.xtec.cat\/ceip-santacreu-anglesola\/wp-content\/uploads\/usu483\/2022\/04\/Imatge-dia-de-la-Terra-2-768x430.png 768w, https:\/\/agora.xtec.cat\/ceip-santacreu-anglesola\/wp-content\/uploads\/usu483\/2022\/04\/Imatge-dia-de-la-Terra-2.png 808w\" sizes=\"auto, (max-width: 300px) 100vw, 300px\" \/><\/a><\/p>\n","protected":false},"excerpt":{"rendered":"<p>El dia 22 d&#8217;abril de 1970, es va decretar en diferents pa\u00efsos la celebraci\u00f3 del Dia Mundial de la Terra, gr\u00e0cies a manifestacions que es van fer a nivell mundial protestant per protegir m\u00e9s el medi ambient.<br \/>\nDes d\u2019aquell dia, el 22 d\u2019abril es sin\u00f2nim de&hellip;  <a href=\"https:\/\/agora.xtec.cat\/ceip-santacreu-anglesola\/general\/els-alumnes-de-cicle-mitja-treballem-el-dia-de-la-terra\/\" title=\"Read ELS ALUMNES DE CICLE MITJ\u00c0 TREBALLEM EL DIA DE LA TERRA\">Llegeix m\u00e9s\u00bb<\/a><\/p>\n","protected":false},"author":16,"featured_media":5014,"comment_status":"closed","ping_status":"closed","sticky":false,"template":"","format":"standard","meta":{"_bbp_topic_count":0,"_bbp_reply_count":0,"_bbp_total_topic_count":0,"_bbp_total_reply_count":0,"_bbp_voice_count":0,"_bbp_anonymous_reply_count":0,"_bbp_topic_count_hidden":0,"_bbp_reply_count_hidden":0,"_bbp_forum_subforum_count":0,"footnotes":""},"categories":[1,4],"tags":[],"class_list":["post-5012","post","type-post","status-publish","format-standard","has-post-thumbnail","hentry","category-general","category-portada"],"post_mailing_queue_ids":[],"_links":{"self":[{"href":"https:\/\/agora.xtec.cat\/ceip-santacreu-anglesola\/wp-json\/wp\/v2\/posts\/5012","targetHints":{"allow":["GET"]}}],"collection":[{"href":"https:\/\/agora.xtec.cat\/ceip-santacreu-anglesola\/wp-json\/wp\/v2\/posts"}],"about":[{"href":"https:\/\/agora.xtec.cat\/ceip-santacreu-anglesola\/wp-json\/wp\/v2\/types\/post"}],"author":[{"embeddable":true,"href":"https:\/\/agora.xtec.cat\/ceip-santacreu-anglesola\/wp-json\/wp\/v2\/users\/16"}],"replies":[{"embeddable":true,"href":"https:\/\/agora.xtec.cat\/ceip-santacreu-anglesola\/wp-json\/wp\/v2\/comments?post=5012"}],"version-history":[{"count":3,"href":"https:\/\/agora.xtec.cat\/ceip-santacreu-anglesola\/wp-json\/wp\/v2\/posts\/5012\/revisions"}],"predecessor-version":[{"id":5049,"href":"https:\/\/agora.xtec.cat\/ceip-santacreu-anglesola\/wp-json\/wp\/v2\/posts\/5012\/revisions\/5049"}],"wp:featuredmedia":[{"embeddable":true,"href":"https:\/\/agora.xtec.cat\/ceip-santacreu-anglesola\/wp-json\/wp\/v2\/media\/5014"}],"wp:attachment":[{"href":"https:\/\/agora.xtec.cat\/ceip-santacreu-anglesola\/wp-json\/wp\/v2\/media?parent=5012"}],"wp:term":[{"taxonomy":"category","embeddable":true,"href":"https:\/\/agora.xtec.cat\/ceip-santacreu-anglesola\/wp-json\/wp\/v2\/categories?post=5012"},{"taxonomy":"post_tag","embeddable":true,"href":"https:\/\/agora.xtec.cat\/ceip-santacreu-anglesola\/wp-json\/wp\/v2\/tags?post=5012"}],"curies":[{"name":"wp","href":"https:\/\/api.w.org\/{rel}","templated":true}]}}