{"id":5003,"date":"2022-04-21T10:41:42","date_gmt":"2022-04-21T08:41:42","guid":{"rendered":"https:\/\/agora.xtec.cat\/ceip-santacreu-anglesola\/?p=5003"},"modified":"2022-04-27T12:00:11","modified_gmt":"2022-04-27T10:00:11","slug":"la-mona-al-camp-de-futbol","status":"publish","type":"post","link":"https:\/\/agora.xtec.cat\/ceip-santacreu-anglesola\/general\/la-mona-al-camp-de-futbol\/","title":{"rendered":"LA MONA AL CAMP DE FUTBOL"},"content":{"rendered":"<p>Els alumnes de P3, P4, P5, primer, segon i tercer\u00a0 vam anar al camp de futbol el divendres a la tarda, per tal de celebrar el dia de la mona.<\/p>\n<p>En arribar vam poder jugar lliurement amb material de psicomotricitat i educaci\u00f3 f\u00edsica i ens ho vam passar molt b\u00e9.<\/p>\n<p>Despr\u00e9s vam poder gaudir d&#8217;unes mones, bon\u00edssimes, que l&#8217;AMPA ens va oferir.<\/p>\n<p>En resum, una tarda molt divertida!<\/p>\n<p>Clica la imatge per veure&#8217;n les fotos.<\/p>\n<p><a href=\"https:\/\/agora.xtec.cat\/ceip-santacreu-anglesola\/general\/mona-2022\/\"><img loading=\"lazy\" decoding=\"async\" class=\"alignnone wp-image-5005\" src=\"https:\/\/agora.xtec.cat\/ceip-santacreu-anglesola\/wp-content\/uploads\/usu483\/2022\/04\/easter-traditions-1.jpg\" alt=\"\" width=\"409\" height=\"240\" srcset=\"https:\/\/agora.xtec.cat\/ceip-santacreu-anglesola\/wp-content\/uploads\/usu483\/2022\/04\/easter-traditions-1.jpg 750w, https:\/\/agora.xtec.cat\/ceip-santacreu-anglesola\/wp-content\/uploads\/usu483\/2022\/04\/easter-traditions-1-300x176.jpg 300w\" sizes=\"auto, (max-width: 409px) 100vw, 409px\" \/><\/a><\/p>\n","protected":false},"excerpt":{"rendered":"<p>Els alumnes de P3, P4, P5, primer, segon i tercer\u00a0 vam anar al camp de futbol el divendres a la tarda, per tal de celebrar el dia de la mona.<br \/>\nEn arribar vam poder jugar lliurement amb material de psicomotricitat i educaci\u00f3 f\u00edsica i ens ho&hellip;  <a href=\"https:\/\/agora.xtec.cat\/ceip-santacreu-anglesola\/general\/la-mona-al-camp-de-futbol\/\" title=\"Read LA MONA AL CAMP DE FUTBOL\">Llegeix m\u00e9s\u00bb<\/a><\/p>\n","protected":false},"author":1,"featured_media":5005,"comment_status":"open","ping_status":"closed","sticky":false,"template":"","format":"standard","meta":{"_bbp_topic_count":0,"_bbp_reply_count":0,"_bbp_total_topic_count":0,"_bbp_total_reply_count":0,"_bbp_voice_count":0,"_bbp_anonymous_reply_count":0,"_bbp_topic_count_hidden":0,"_bbp_reply_count_hidden":0,"_bbp_forum_subforum_count":0,"footnotes":""},"categories":[1,4],"tags":[],"class_list":["post-5003","post","type-post","status-publish","format-standard","has-post-thumbnail","hentry","category-general","category-portada"],"post_mailing_queue_ids":[],"_links":{"self":[{"href":"https:\/\/agora.xtec.cat\/ceip-santacreu-anglesola\/wp-json\/wp\/v2\/posts\/5003","targetHints":{"allow":["GET"]}}],"collection":[{"href":"https:\/\/agora.xtec.cat\/ceip-santacreu-anglesola\/wp-json\/wp\/v2\/posts"}],"about":[{"href":"https:\/\/agora.xtec.cat\/ceip-santacreu-anglesola\/wp-json\/wp\/v2\/types\/post"}],"author":[{"embeddable":true,"href":"https:\/\/agora.xtec.cat\/ceip-santacreu-anglesola\/wp-json\/wp\/v2\/users\/1"}],"replies":[{"embeddable":true,"href":"https:\/\/agora.xtec.cat\/ceip-santacreu-anglesola\/wp-json\/wp\/v2\/comments?post=5003"}],"version-history":[{"count":3,"href":"https:\/\/agora.xtec.cat\/ceip-santacreu-anglesola\/wp-json\/wp\/v2\/posts\/5003\/revisions"}],"predecessor-version":[{"id":5009,"href":"https:\/\/agora.xtec.cat\/ceip-santacreu-anglesola\/wp-json\/wp\/v2\/posts\/5003\/revisions\/5009"}],"wp:featuredmedia":[{"embeddable":true,"href":"https:\/\/agora.xtec.cat\/ceip-santacreu-anglesola\/wp-json\/wp\/v2\/media\/5005"}],"wp:attachment":[{"href":"https:\/\/agora.xtec.cat\/ceip-santacreu-anglesola\/wp-json\/wp\/v2\/media?parent=5003"}],"wp:term":[{"taxonomy":"category","embeddable":true,"href":"https:\/\/agora.xtec.cat\/ceip-santacreu-anglesola\/wp-json\/wp\/v2\/categories?post=5003"},{"taxonomy":"post_tag","embeddable":true,"href":"https:\/\/agora.xtec.cat\/ceip-santacreu-anglesola\/wp-json\/wp\/v2\/tags?post=5003"}],"curies":[{"name":"wp","href":"https:\/\/api.w.org\/{rel}","templated":true}]}}