{"id":4960,"date":"2022-04-14T12:45:54","date_gmt":"2022-04-14T10:45:54","guid":{"rendered":"https:\/\/agora.xtec.cat\/ceip-santacreu-anglesola\/?p=4960"},"modified":"2022-04-21T13:29:17","modified_gmt":"2022-04-21T11:29:17","slug":"bicicletada-de-4t-5e-i-6e","status":"publish","type":"post","link":"https:\/\/agora.xtec.cat\/ceip-santacreu-anglesola\/general\/bicicletada-de-4t-5e-i-6e\/","title":{"rendered":"Bicicletada de 4t, 5\u00e8 i 6\u00e8"},"content":{"rendered":"<p>El divendres dia 8, per la tarda, l&#8217;alumnat de 4t, 5\u00e8 i 6\u00e8 i alguns mestres vam fer la tradicional bicicletada a les Cases de Barbens. Degut a la pand\u00e8mia de la Covid no la vam poder celebrar els anys passats.<\/p>\n<p>Ha estat una sortida l\u00fadica molt esperada i en la que ens ho hem passat molt b\u00e9. Una mica d&#8217;esport, recuperar les energies amb un tros de mona o m\u00e9s ;), jugar una estona i tornar a agafar la bicicleta.<\/p>\n<p>L&#8217;alumnat de 5\u00e8 va participar en una iniciativa promoguda pel Consell Esportiu de l&#8217;Urgell que tracta de sumar quil\u00f2metres fins a arribar a la dist\u00e0ncia que hi ha entre T\u00e0rrega i Kiev, la capital d&#8217;Ucra\u00efna. Els alumnes de 5\u00e8 van aportar 111,1 km.<\/p>\n<p>Us deixem algunes fotos de la sortida, cliqueu damunt de la imatge per a poder veure-les.<\/p>\n<p><a href=\"https:\/\/agora.xtec.cat\/ceip-santacreu-anglesola\/?p=4963&amp;preview=true\" target=\"_blank\" rel=\"noopener\"><img loading=\"lazy\" decoding=\"async\" class=\"aligncenter wp-image-4961 size-medium\" src=\"https:\/\/agora.xtec.cat\/ceip-santacreu-anglesola\/wp-content\/uploads\/usu483\/2022\/04\/resized_20220408_155519-300x135.jpg\" alt=\"\" width=\"300\" height=\"135\" srcset=\"https:\/\/agora.xtec.cat\/ceip-santacreu-anglesola\/wp-content\/uploads\/usu483\/2022\/04\/resized_20220408_155519-300x135.jpg 300w, https:\/\/agora.xtec.cat\/ceip-santacreu-anglesola\/wp-content\/uploads\/usu483\/2022\/04\/resized_20220408_155519-768x346.jpg 768w, https:\/\/agora.xtec.cat\/ceip-santacreu-anglesola\/wp-content\/uploads\/usu483\/2022\/04\/resized_20220408_155519.jpg 800w\" sizes=\"auto, (max-width: 300px) 100vw, 300px\" \/><\/a><\/p>\n","protected":false},"excerpt":{"rendered":"<p>El divendres dia 8, per la tarda, l&#8217;alumnat de 4t, 5\u00e8 i 6\u00e8 i alguns mestres vam fer la tradicional bicicletada a les Cases de Barbens. Degut a la pand\u00e8mia de la Covid no la vam poder celebrar els anys passats.<br \/>\nHa estat una sortida l\u00fadica&hellip;  <a href=\"https:\/\/agora.xtec.cat\/ceip-santacreu-anglesola\/general\/bicicletada-de-4t-5e-i-6e\/\" title=\"Read Bicicletada de 4t, 5\u00e8 i 6\u00e8\">Llegeix m\u00e9s\u00bb<\/a><\/p>\n","protected":false},"author":1,"featured_media":4961,"comment_status":"closed","ping_status":"closed","sticky":false,"template":"","format":"standard","meta":{"_bbp_topic_count":0,"_bbp_reply_count":0,"_bbp_total_topic_count":0,"_bbp_total_reply_count":0,"_bbp_voice_count":0,"_bbp_anonymous_reply_count":0,"_bbp_topic_count_hidden":0,"_bbp_reply_count_hidden":0,"_bbp_forum_subforum_count":0,"footnotes":""},"categories":[1,4],"tags":[],"class_list":["post-4960","post","type-post","status-publish","format-standard","has-post-thumbnail","hentry","category-general","category-portada"],"post_mailing_queue_ids":[],"_links":{"self":[{"href":"https:\/\/agora.xtec.cat\/ceip-santacreu-anglesola\/wp-json\/wp\/v2\/posts\/4960","targetHints":{"allow":["GET"]}}],"collection":[{"href":"https:\/\/agora.xtec.cat\/ceip-santacreu-anglesola\/wp-json\/wp\/v2\/posts"}],"about":[{"href":"https:\/\/agora.xtec.cat\/ceip-santacreu-anglesola\/wp-json\/wp\/v2\/types\/post"}],"author":[{"embeddable":true,"href":"https:\/\/agora.xtec.cat\/ceip-santacreu-anglesola\/wp-json\/wp\/v2\/users\/1"}],"replies":[{"embeddable":true,"href":"https:\/\/agora.xtec.cat\/ceip-santacreu-anglesola\/wp-json\/wp\/v2\/comments?post=4960"}],"version-history":[{"count":3,"href":"https:\/\/agora.xtec.cat\/ceip-santacreu-anglesola\/wp-json\/wp\/v2\/posts\/4960\/revisions"}],"predecessor-version":[{"id":5011,"href":"https:\/\/agora.xtec.cat\/ceip-santacreu-anglesola\/wp-json\/wp\/v2\/posts\/4960\/revisions\/5011"}],"wp:featuredmedia":[{"embeddable":true,"href":"https:\/\/agora.xtec.cat\/ceip-santacreu-anglesola\/wp-json\/wp\/v2\/media\/4961"}],"wp:attachment":[{"href":"https:\/\/agora.xtec.cat\/ceip-santacreu-anglesola\/wp-json\/wp\/v2\/media?parent=4960"}],"wp:term":[{"taxonomy":"category","embeddable":true,"href":"https:\/\/agora.xtec.cat\/ceip-santacreu-anglesola\/wp-json\/wp\/v2\/categories?post=4960"},{"taxonomy":"post_tag","embeddable":true,"href":"https:\/\/agora.xtec.cat\/ceip-santacreu-anglesola\/wp-json\/wp\/v2\/tags?post=4960"}],"curies":[{"name":"wp","href":"https:\/\/api.w.org\/{rel}","templated":true}]}}