{"id":4950,"date":"2022-04-04T12:25:38","date_gmt":"2022-04-04T10:25:38","guid":{"rendered":"https:\/\/agora.xtec.cat\/ceip-santacreu-anglesola\/?p=4950"},"modified":"2022-04-27T12:01:22","modified_gmt":"2022-04-27T10:01:22","slug":"ens-visita-lescriptor-el-sr-pere-marti","status":"publish","type":"post","link":"https:\/\/agora.xtec.cat\/ceip-santacreu-anglesola\/portada\/ens-visita-lescriptor-el-sr-pere-marti\/","title":{"rendered":"Ens visita l&#8217;escriptor el Sr. Pere Mart\u00ed i Bertran"},"content":{"rendered":"<p>El passat divendres, ens va visitar el Sr. Pere Mart\u00ed i Bertran l&#8217;autor i escriptor del llibre que aquest trimestre els alumnes de Cicle Inicial ens hem llegit, <strong>La Tortuga d&#8217;en Hans<\/strong>.<\/p>\n<p>Va ser un mat\u00ed super divertit, ja que vam poder con\u00e8ixer el Sr. Pere, i posar-li cara, despr\u00e9s de treballar la seva biografia, i descobrir molts aspectes de la seva vida personal i professional.<\/p>\n<p>Ens va explicar molt\u00edssimes coses relacionades amb el llibre, i tamb\u00e9 ens va portar altres llibres que ell ha escrit, portava una maleta plena de llibres. Despr\u00e9s tots els alumnes li vam poder fer preguntes que ens tenien molt encuriosits.<\/p>\n<p>Per acabar, cada classe li va regalar un \u00e0lbum de dibuixos relacionats amb el llibre, i l&#8217;escola li va regalar una llibreta i un bol\u00edgraf.<\/p>\n<p>Per\u00f2 la gran sorpresa que hem tingut ha sigut que aquest cap de setmana ha enviat un correu electr\u00f2nic a l&#8217;escola dient que els dibuixos li van agradar molt\u00edssim, i que estava molt content.<\/p>\n<p>&nbsp;<\/p>\n<p>Gr\u00e0cies Pere<\/p>\n<p>Alumnes de Cicle Inicial<\/p>\n<p><a href=\"https:\/\/agora.xtec.cat\/ceip-santacreu-anglesola\/portada\/ens-visita-lescriptor-el-sr-pere-marti-2\/\"><img loading=\"lazy\" decoding=\"async\" class=\"alignnone wp-image-4951 size-full\" src=\"https:\/\/agora.xtec.cat\/ceip-santacreu-anglesola\/wp-content\/uploads\/usu483\/2022\/04\/alb_0952.jpg\" alt=\"\" width=\"710\" height=\"483\" srcset=\"https:\/\/agora.xtec.cat\/ceip-santacreu-anglesola\/wp-content\/uploads\/usu483\/2022\/04\/alb_0952.jpg 710w, https:\/\/agora.xtec.cat\/ceip-santacreu-anglesola\/wp-content\/uploads\/usu483\/2022\/04\/alb_0952-300x204.jpg 300w\" sizes=\"auto, (max-width: 710px) 100vw, 710px\" \/><\/a><\/p>\n","protected":false},"excerpt":{"rendered":"<p>El passat divendres, ens va visitar el Sr. Pere Mart\u00ed i Bertran l&#8217;autor i escriptor del llibre que aquest trimestre els alumnes de Cicle Inicial ens hem llegit, La Tortuga d&#8217;en Hans.<br \/>\nVa ser un mat\u00ed super divertit, ja que vam poder con\u00e8ixer el Sr. Pere,&hellip;  <a href=\"https:\/\/agora.xtec.cat\/ceip-santacreu-anglesola\/portada\/ens-visita-lescriptor-el-sr-pere-marti\/\" title=\"Read Ens visita l&#8217;escriptor el Sr. Pere Mart\u00ed i Bertran\">Llegeix m\u00e9s\u00bb<\/a><\/p>\n","protected":false},"author":1,"featured_media":4951,"comment_status":"open","ping_status":"closed","sticky":false,"template":"","format":"standard","meta":{"_bbp_topic_count":0,"_bbp_reply_count":0,"_bbp_total_topic_count":0,"_bbp_total_reply_count":0,"_bbp_voice_count":0,"_bbp_anonymous_reply_count":0,"_bbp_topic_count_hidden":0,"_bbp_reply_count_hidden":0,"_bbp_forum_subforum_count":0,"footnotes":""},"categories":[4],"tags":[],"class_list":["post-4950","post","type-post","status-publish","format-standard","has-post-thumbnail","hentry","category-portada"],"post_mailing_queue_ids":[],"_links":{"self":[{"href":"https:\/\/agora.xtec.cat\/ceip-santacreu-anglesola\/wp-json\/wp\/v2\/posts\/4950","targetHints":{"allow":["GET"]}}],"collection":[{"href":"https:\/\/agora.xtec.cat\/ceip-santacreu-anglesola\/wp-json\/wp\/v2\/posts"}],"about":[{"href":"https:\/\/agora.xtec.cat\/ceip-santacreu-anglesola\/wp-json\/wp\/v2\/types\/post"}],"author":[{"embeddable":true,"href":"https:\/\/agora.xtec.cat\/ceip-santacreu-anglesola\/wp-json\/wp\/v2\/users\/1"}],"replies":[{"embeddable":true,"href":"https:\/\/agora.xtec.cat\/ceip-santacreu-anglesola\/wp-json\/wp\/v2\/comments?post=4950"}],"version-history":[{"count":3,"href":"https:\/\/agora.xtec.cat\/ceip-santacreu-anglesola\/wp-json\/wp\/v2\/posts\/4950\/revisions"}],"predecessor-version":[{"id":4958,"href":"https:\/\/agora.xtec.cat\/ceip-santacreu-anglesola\/wp-json\/wp\/v2\/posts\/4950\/revisions\/4958"}],"wp:featuredmedia":[{"embeddable":true,"href":"https:\/\/agora.xtec.cat\/ceip-santacreu-anglesola\/wp-json\/wp\/v2\/media\/4951"}],"wp:attachment":[{"href":"https:\/\/agora.xtec.cat\/ceip-santacreu-anglesola\/wp-json\/wp\/v2\/media?parent=4950"}],"wp:term":[{"taxonomy":"category","embeddable":true,"href":"https:\/\/agora.xtec.cat\/ceip-santacreu-anglesola\/wp-json\/wp\/v2\/categories?post=4950"},{"taxonomy":"post_tag","embeddable":true,"href":"https:\/\/agora.xtec.cat\/ceip-santacreu-anglesola\/wp-json\/wp\/v2\/tags?post=4950"}],"curies":[{"name":"wp","href":"https:\/\/api.w.org\/{rel}","templated":true}]}}