{"id":4920,"date":"2022-03-28T13:36:59","date_gmt":"2022-03-28T11:36:59","guid":{"rendered":"https:\/\/agora.xtec.cat\/ceip-santacreu-anglesola\/?p=4920"},"modified":"2022-04-27T12:02:43","modified_gmt":"2022-04-27T10:02:43","slug":"experimentem-a-laula","status":"publish","type":"post","link":"https:\/\/agora.xtec.cat\/ceip-santacreu-anglesola\/general\/experimentem-a-laula\/","title":{"rendered":"EXPERIMENTEM A L&#8217;AULA"},"content":{"rendered":"<p>L&#8217;alumnat de sis\u00e8 hem passat de la teoria a la pr\u00e0ctica. Despr\u00e9s d&#8217;haver apr\u00e8s moltes coses sobre la llum i el so, hem posat a la pr\u00e0ctica els nostres coneixements fent una s\u00e8rie d&#8217;experiments sobre la llum, el colors i el so.<\/p>\n<p>Hem passat dues hores de treball en equip, observaci\u00f3 i aplicaci\u00f3 dels coneixement adquirits a classe.<\/p>\n<p>Us deixem algunes fotos&#8230;<\/p>\n<p>&nbsp;<\/p>\n<p><a href=\"https:\/\/agora.xtec.cat\/ceip-santacreu-anglesola\/general\/experimentem-a-laula-2\/\"><img loading=\"lazy\" decoding=\"async\" class=\"aligncenter size-full wp-image-4921\" src=\"https:\/\/agora.xtec.cat\/ceip-santacreu-anglesola\/wp-content\/uploads\/usu483\/2022\/03\/1e.jpg\" alt=\"\" width=\"310\" height=\"163\" srcset=\"https:\/\/agora.xtec.cat\/ceip-santacreu-anglesola\/wp-content\/uploads\/usu483\/2022\/03\/1e.jpg 310w, https:\/\/agora.xtec.cat\/ceip-santacreu-anglesola\/wp-content\/uploads\/usu483\/2022\/03\/1e-300x158.jpg 300w\" sizes=\"auto, (max-width: 310px) 100vw, 310px\" \/><\/a><\/p>\n","protected":false},"excerpt":{"rendered":"<p>L&#8217;alumnat de sis\u00e8 hem passat de la teoria a la pr\u00e0ctica. Despr\u00e9s d&#8217;haver apr\u00e8s moltes coses sobre la llum i el so, hem posat a la pr\u00e0ctica els nostres coneixements fent una s\u00e8rie d&#8217;experiments sobre la llum, el colors i el so.<br \/>\nHem passat dues hores&hellip;  <a href=\"https:\/\/agora.xtec.cat\/ceip-santacreu-anglesola\/general\/experimentem-a-laula\/\" title=\"Read EXPERIMENTEM A L&#8217;AULA\">Llegeix m\u00e9s\u00bb<\/a><\/p>\n","protected":false},"author":11,"featured_media":4921,"comment_status":"open","ping_status":"closed","sticky":false,"template":"","format":"standard","meta":{"_bbp_topic_count":0,"_bbp_reply_count":0,"_bbp_total_topic_count":0,"_bbp_total_reply_count":0,"_bbp_voice_count":0,"_bbp_anonymous_reply_count":0,"_bbp_topic_count_hidden":0,"_bbp_reply_count_hidden":0,"_bbp_forum_subforum_count":0,"footnotes":""},"categories":[15,1,4],"tags":[],"class_list":["post-4920","post","type-post","status-publish","format-standard","has-post-thumbnail","hentry","category-6e","category-general","category-portada"],"post_mailing_queue_ids":[],"_links":{"self":[{"href":"https:\/\/agora.xtec.cat\/ceip-santacreu-anglesola\/wp-json\/wp\/v2\/posts\/4920","targetHints":{"allow":["GET"]}}],"collection":[{"href":"https:\/\/agora.xtec.cat\/ceip-santacreu-anglesola\/wp-json\/wp\/v2\/posts"}],"about":[{"href":"https:\/\/agora.xtec.cat\/ceip-santacreu-anglesola\/wp-json\/wp\/v2\/types\/post"}],"author":[{"embeddable":true,"href":"https:\/\/agora.xtec.cat\/ceip-santacreu-anglesola\/wp-json\/wp\/v2\/users\/11"}],"replies":[{"embeddable":true,"href":"https:\/\/agora.xtec.cat\/ceip-santacreu-anglesola\/wp-json\/wp\/v2\/comments?post=4920"}],"version-history":[{"count":2,"href":"https:\/\/agora.xtec.cat\/ceip-santacreu-anglesola\/wp-json\/wp\/v2\/posts\/4920\/revisions"}],"predecessor-version":[{"id":4925,"href":"https:\/\/agora.xtec.cat\/ceip-santacreu-anglesola\/wp-json\/wp\/v2\/posts\/4920\/revisions\/4925"}],"wp:featuredmedia":[{"embeddable":true,"href":"https:\/\/agora.xtec.cat\/ceip-santacreu-anglesola\/wp-json\/wp\/v2\/media\/4921"}],"wp:attachment":[{"href":"https:\/\/agora.xtec.cat\/ceip-santacreu-anglesola\/wp-json\/wp\/v2\/media?parent=4920"}],"wp:term":[{"taxonomy":"category","embeddable":true,"href":"https:\/\/agora.xtec.cat\/ceip-santacreu-anglesola\/wp-json\/wp\/v2\/categories?post=4920"},{"taxonomy":"post_tag","embeddable":true,"href":"https:\/\/agora.xtec.cat\/ceip-santacreu-anglesola\/wp-json\/wp\/v2\/tags?post=4920"}],"curies":[{"name":"wp","href":"https:\/\/api.w.org\/{rel}","templated":true}]}}