{"id":491,"date":"2018-04-23T12:19:23","date_gmt":"2018-04-23T10:19:23","guid":{"rendered":"http:\/\/agora.xtec.cat\/ceip-santacreu-anglesola\/?p=491"},"modified":"2018-04-23T12:20:49","modified_gmt":"2018-04-23T10:20:49","slug":"raco-emocional-de-la-classe","status":"publish","type":"post","link":"https:\/\/agora.xtec.cat\/ceip-santacreu-anglesola\/educaciosocioemocional\/raco-emocional-de-la-classe\/","title":{"rendered":"Rac\u00f3 emocional de la classe"},"content":{"rendered":"<p>Podem trobar aquest rac\u00f3 a cadascuna de les classes. En ell hi ha diferents activitats o eines per treballar la consci\u00e8ncia emocional.<\/p>\n<p>Tenim pilotes anti-estr\u00e9s, ampolles relaxants, coixins, el sem\u00e0for de les emocions, la farmaciola de les paraules boniques o un espai de proverbis i cites.<\/p>\n<p>Alguns d\u2019aquests materials els han elaborat els infants i d\u2019altres se\u2019ls hi ofereixen per tal de poder aprendre a gestionar les emocions.<\/p>\n<p><a href=\"http:\/\/agora.xtec.cat\/ceip-santacreu-anglesola\/wp-content\/uploads\/usu483\/2018\/04\/rac\u00f3-emocional.jpg\"><img loading=\"lazy\" decoding=\"async\" class=\"alignnone size-large wp-image-493\" src=\"http:\/\/agora.xtec.cat\/ceip-santacreu-anglesola\/wp-content\/uploads\/usu483\/2018\/04\/rac\u00f3-emocional-1024x937.jpg\" alt=\"\" width=\"1024\" height=\"937\" srcset=\"https:\/\/agora.xtec.cat\/ceip-santacreu-anglesola\/wp-content\/uploads\/usu483\/2018\/04\/rac\u00f3-emocional-1024x937.jpg 1024w, https:\/\/agora.xtec.cat\/ceip-santacreu-anglesola\/wp-content\/uploads\/usu483\/2018\/04\/rac\u00f3-emocional-300x274.jpg 300w, https:\/\/agora.xtec.cat\/ceip-santacreu-anglesola\/wp-content\/uploads\/usu483\/2018\/04\/rac\u00f3-emocional-768x703.jpg 768w\" sizes=\"auto, (max-width: 1024px) 100vw, 1024px\" \/><\/a><\/p>\n","protected":false},"excerpt":{"rendered":"<p>Podem trobar aquest rac\u00f3 a cadascuna de les classes. En ell hi ha diferents activitats o eines per treballar la consci\u00e8ncia emocional.<br \/>\nTenim pilotes anti-estr\u00e9s, ampolles relaxants, coixins, el sem\u00e0for de les emocions, la farmaciola de les paraules boniques o un espai de proverbis i cites.<br \/>\nAlguns&hellip;  <a href=\"https:\/\/agora.xtec.cat\/ceip-santacreu-anglesola\/educaciosocioemocional\/raco-emocional-de-la-classe\/\" title=\"Read Rac\u00f3 emocional de la classe\">Llegeix m\u00e9s\u00bb<\/a><\/p>\n","protected":false},"author":3,"featured_media":493,"comment_status":"open","ping_status":"closed","sticky":false,"template":"","format":"standard","meta":{"_bbp_topic_count":0,"_bbp_reply_count":0,"_bbp_total_topic_count":0,"_bbp_total_reply_count":0,"_bbp_voice_count":0,"_bbp_anonymous_reply_count":0,"_bbp_topic_count_hidden":0,"_bbp_reply_count_hidden":0,"_bbp_forum_subforum_count":0,"footnotes":""},"categories":[46],"tags":[],"class_list":["post-491","post","type-post","status-publish","format-standard","has-post-thumbnail","hentry","category-educaciosocioemocional"],"post_mailing_queue_ids":[],"_links":{"self":[{"href":"https:\/\/agora.xtec.cat\/ceip-santacreu-anglesola\/wp-json\/wp\/v2\/posts\/491","targetHints":{"allow":["GET"]}}],"collection":[{"href":"https:\/\/agora.xtec.cat\/ceip-santacreu-anglesola\/wp-json\/wp\/v2\/posts"}],"about":[{"href":"https:\/\/agora.xtec.cat\/ceip-santacreu-anglesola\/wp-json\/wp\/v2\/types\/post"}],"author":[{"embeddable":true,"href":"https:\/\/agora.xtec.cat\/ceip-santacreu-anglesola\/wp-json\/wp\/v2\/users\/3"}],"replies":[{"embeddable":true,"href":"https:\/\/agora.xtec.cat\/ceip-santacreu-anglesola\/wp-json\/wp\/v2\/comments?post=491"}],"version-history":[{"count":2,"href":"https:\/\/agora.xtec.cat\/ceip-santacreu-anglesola\/wp-json\/wp\/v2\/posts\/491\/revisions"}],"predecessor-version":[{"id":494,"href":"https:\/\/agora.xtec.cat\/ceip-santacreu-anglesola\/wp-json\/wp\/v2\/posts\/491\/revisions\/494"}],"wp:featuredmedia":[{"embeddable":true,"href":"https:\/\/agora.xtec.cat\/ceip-santacreu-anglesola\/wp-json\/wp\/v2\/media\/493"}],"wp:attachment":[{"href":"https:\/\/agora.xtec.cat\/ceip-santacreu-anglesola\/wp-json\/wp\/v2\/media?parent=491"}],"wp:term":[{"taxonomy":"category","embeddable":true,"href":"https:\/\/agora.xtec.cat\/ceip-santacreu-anglesola\/wp-json\/wp\/v2\/categories?post=491"},{"taxonomy":"post_tag","embeddable":true,"href":"https:\/\/agora.xtec.cat\/ceip-santacreu-anglesola\/wp-json\/wp\/v2\/tags?post=491"}],"curies":[{"name":"wp","href":"https:\/\/api.w.org\/{rel}","templated":true}]}}