{"id":4892,"date":"2022-03-22T22:39:08","date_gmt":"2022-03-22T21:39:08","guid":{"rendered":"https:\/\/agora.xtec.cat\/ceip-santacreu-anglesola\/?p=4892"},"modified":"2022-03-22T22:56:15","modified_gmt":"2022-03-22T21:56:15","slug":"a-segon-aprenem-a-multiplicar","status":"publish","type":"post","link":"https:\/\/agora.xtec.cat\/ceip-santacreu-anglesola\/general\/a-segon-aprenem-a-multiplicar\/","title":{"rendered":"A SEGON APRENEM A MULTIPLICAR"},"content":{"rendered":"<p>Aquest trimestre hem comen\u00e7at a treballar el concepte de la multiplicaci\u00f3 utilitzant diferents estrat\u00e8gies.<\/p>\n<p>En oueres hem sumat varies vegades el mateix nombre de cigrons\u00a0 i hem descobert la multiplicaci\u00f3.<\/p>\n<p>Tamb\u00e9 hem jugat a emparellar mitjons i hem apr\u00e9s la taula del 1, 2 i 5. Hem repassat els nombres parells, el concepte de\u00a0 doble i meitat i\u00a0 hem esbrinat que repartir \u00e9s el mateix que dividir.<\/p>\n<p>A continuaci\u00f3 amb els cubs de connexi\u00f3 hem\u00a0 representat les multiplicacions fent figures.<\/p>\n<p>Per acabar hem utilitzat l\u2019\u00e0bac com a eina per sumar, restar i multiplicar.<\/p>\n<p><a href=\"https:\/\/agora.xtec.cat\/ceip-santacreu-anglesola\/?p=4898&amp;preview=true\"><img loading=\"lazy\" decoding=\"async\" class=\"alignnone wp-image-4895\" src=\"https:\/\/agora.xtec.cat\/ceip-santacreu-anglesola\/wp-content\/uploads\/usu483\/2022\/03\/foto-multiplicacio.jpg\" alt=\"\" width=\"281\" height=\"211\" srcset=\"https:\/\/agora.xtec.cat\/ceip-santacreu-anglesola\/wp-content\/uploads\/usu483\/2022\/03\/foto-multiplicacio.jpg 640w, https:\/\/agora.xtec.cat\/ceip-santacreu-anglesola\/wp-content\/uploads\/usu483\/2022\/03\/foto-multiplicacio-300x225.jpg 300w, https:\/\/agora.xtec.cat\/ceip-santacreu-anglesola\/wp-content\/uploads\/usu483\/2022\/03\/foto-multiplicacio-200x150.jpg 200w\" sizes=\"auto, (max-width: 281px) 100vw, 281px\" \/><\/a><\/p>\n","protected":false},"excerpt":{"rendered":"<p>Aquest trimestre hem comen\u00e7at a treballar el concepte de la multiplicaci\u00f3 utilitzant diferents estrat\u00e8gies.<br \/>\nEn oueres hem sumat varies vegades el mateix nombre de cigrons\u00a0 i hem descobert la multiplicaci\u00f3.<br \/>\nTamb\u00e9 hem jugat a emparellar mitjons i hem apr\u00e9s la taula del 1, 2 i 5. Hem&hellip;  <a href=\"https:\/\/agora.xtec.cat\/ceip-santacreu-anglesola\/general\/a-segon-aprenem-a-multiplicar\/\" title=\"Read A SEGON APRENEM A MULTIPLICAR\">Llegeix m\u00e9s\u00bb<\/a><\/p>\n","protected":false},"author":25,"featured_media":4895,"comment_status":"open","ping_status":"closed","sticky":false,"template":"","format":"standard","meta":{"_bbp_topic_count":0,"_bbp_reply_count":0,"_bbp_total_topic_count":0,"_bbp_total_reply_count":0,"_bbp_voice_count":0,"_bbp_anonymous_reply_count":0,"_bbp_topic_count_hidden":0,"_bbp_reply_count_hidden":0,"_bbp_forum_subforum_count":0,"footnotes":""},"categories":[1,4],"tags":[],"class_list":["post-4892","post","type-post","status-publish","format-standard","has-post-thumbnail","hentry","category-general","category-portada"],"post_mailing_queue_ids":[],"_links":{"self":[{"href":"https:\/\/agora.xtec.cat\/ceip-santacreu-anglesola\/wp-json\/wp\/v2\/posts\/4892","targetHints":{"allow":["GET"]}}],"collection":[{"href":"https:\/\/agora.xtec.cat\/ceip-santacreu-anglesola\/wp-json\/wp\/v2\/posts"}],"about":[{"href":"https:\/\/agora.xtec.cat\/ceip-santacreu-anglesola\/wp-json\/wp\/v2\/types\/post"}],"author":[{"embeddable":true,"href":"https:\/\/agora.xtec.cat\/ceip-santacreu-anglesola\/wp-json\/wp\/v2\/users\/25"}],"replies":[{"embeddable":true,"href":"https:\/\/agora.xtec.cat\/ceip-santacreu-anglesola\/wp-json\/wp\/v2\/comments?post=4892"}],"version-history":[{"count":3,"href":"https:\/\/agora.xtec.cat\/ceip-santacreu-anglesola\/wp-json\/wp\/v2\/posts\/4892\/revisions"}],"predecessor-version":[{"id":4900,"href":"https:\/\/agora.xtec.cat\/ceip-santacreu-anglesola\/wp-json\/wp\/v2\/posts\/4892\/revisions\/4900"}],"wp:featuredmedia":[{"embeddable":true,"href":"https:\/\/agora.xtec.cat\/ceip-santacreu-anglesola\/wp-json\/wp\/v2\/media\/4895"}],"wp:attachment":[{"href":"https:\/\/agora.xtec.cat\/ceip-santacreu-anglesola\/wp-json\/wp\/v2\/media?parent=4892"}],"wp:term":[{"taxonomy":"category","embeddable":true,"href":"https:\/\/agora.xtec.cat\/ceip-santacreu-anglesola\/wp-json\/wp\/v2\/categories?post=4892"},{"taxonomy":"post_tag","embeddable":true,"href":"https:\/\/agora.xtec.cat\/ceip-santacreu-anglesola\/wp-json\/wp\/v2\/tags?post=4892"}],"curies":[{"name":"wp","href":"https:\/\/api.w.org\/{rel}","templated":true}]}}